{"id":95363,"date":"2019-05-16T15:43:02","date_gmt":"2019-05-16T18:43:02","guid":{"rendered":"http:\/\/www.caririemacao.com\/1\/?p=95363"},"modified":"2019-05-16T15:43:02","modified_gmt":"2019-05-16T18:43:02","slug":"obras-de-pavimentacao-e-esgotamento-sanitario-sao-iniciadas-no-conjunto-francisco-de-paula-arruda-em-amparo","status":"publish","type":"post","link":"https:\/\/www.caririemacao.com\/1\/2019\/05\/16\/obras-de-pavimentacao-e-esgotamento-sanitario-sao-iniciadas-no-conjunto-francisco-de-paula-arruda-em-amparo\/","title":{"rendered":"Obras de Pavimenta\u00e7\u00e3o e Esgotamento Sanit\u00e1rio s\u00e3o iniciadas no Conjunto Francisco de Paula Arruda em Amparo"},"content":{"rendered":"\n<p>Foi dado in\u00edcio na manh\u00e3 desta quarta-feira (15), a obra de pavimenta\u00e7\u00e3o e esgotamento sanit\u00e1rio do Conjunto Habitacional Francisco de Paula Arruda (Nen\u00e9m Arruda), atrav\u00e9s da J.P.S. Constru\u00e7\u00f5es &#8211; empresa vencedora do processo licitat\u00f3rio aberto pela Prefeitura Municipal de Amparo para execu\u00e7\u00e3o da obra.<\/p>\n\n\n\n<figure class=\"wp-block-image\"><a href=\"https:\/\/1.bp.blogspot.com\/-GId_121O9-8\/XN2QT84OlqI\/AAAAAAABAfo\/dmH8IEixHvEzwq9lHshe_0fpTyQ7jYrvgCLcBGAs\/s1600\/WhatsApp%2BImage%2B2019-05-16%2Bat%2B1.30.49%2BPM.jpeg\"><img decoding=\"async\" data-src=\"https:\/\/1.bp.blogspot.com\/-GId_121O9-8\/XN2QT84OlqI\/AAAAAAABAfo\/dmH8IEixHvEzwq9lHshe_0fpTyQ7jYrvgCLcBGAs\/s280\/WhatsApp%2BImage%2B2019-05-16%2Bat%2B1.30.49%2BPM.jpeg\" alt=\"\" src=\"data:image\/svg+xml;base64,PHN2ZyB3aWR0aD0iMSIgaGVpZ2h0PSIxIiB4bWxucz0iaHR0cDovL3d3dy53My5vcmcvMjAwMC9zdmciPjwvc3ZnPg==\" class=\"lazyload\" \/><\/a><\/figure>\n\n\n\n<p>Assim como os moradores que esperaram 12 longos anos, o prefeito In\u00e1cio N\u00f3brega aguarda ansioso a entrega da obra que ir\u00e1 valorizar os im\u00f3veis daquela \u00e1rea e levar qualidade de vida a todos.<\/p>\n\n\n\n<figure class=\"wp-block-image\"><a href=\"https:\/\/4.bp.blogspot.com\/-9BxH8rzgUz8\/XN2QYowqguI\/AAAAAAABAfs\/v7BdrLE3TecKjSWSpaRk13iEtTC3yf6EwCLcBGAs\/s1600\/WhatsApp%2BImage%2B2019-05-16%2Bat%2B1.27.47%2BPM.jpeg\"><img decoding=\"async\" data-src=\"https:\/\/4.bp.blogspot.com\/-9BxH8rzgUz8\/XN2QYowqguI\/AAAAAAABAfs\/v7BdrLE3TecKjSWSpaRk13iEtTC3yf6EwCLcBGAs\/s280\/WhatsApp%2BImage%2B2019-05-16%2Bat%2B1.27.47%2BPM.jpeg\" alt=\"\" src=\"data:image\/svg+xml;base64,PHN2ZyB3aWR0aD0iMSIgaGVpZ2h0PSIxIiB4bWxucz0iaHR0cDovL3d3dy53My5vcmcvMjAwMC9zdmciPjwvc3ZnPg==\" class=\"lazyload\" \/><\/a><\/figure>\n\n\n\n<p><\/p>\n","protected":false},"excerpt":{"rendered":"<p>Foi dado in\u00edcio na manh\u00e3 desta quarta-feira (15), a obra de pavimenta\u00e7\u00e3o e esgotamento sanit\u00e1rio do Conjunto Habitacional Francisco de Paula Arruda (Nen\u00e9m Arruda), atrav\u00e9s&hellip; <\/p>\n","protected":false},"author":1,"featured_media":95364,"comment_status":"closed","ping_status":"closed","sticky":false,"template":"","format":"standard","meta":{"sfsi_plus_gutenberg_text_before_share":"","sfsi_plus_gutenberg_show_text_before_share":"","sfsi_plus_gutenberg_icon_type":"","sfsi_plus_gutenberg_icon_alignemt":"","sfsi_plus_gutenburg_max_per_row":"","footnotes":""},"categories":[2],"tags":[],"class_list":["post-95363","post","type-post","status-publish","format-standard","has-post-thumbnail","hentry","category-geral"],"_links":{"self":[{"href":"https:\/\/www.caririemacao.com\/1\/wp-json\/wp\/v2\/posts\/95363","targetHints":{"allow":["GET"]}}],"collection":[{"href":"https:\/\/www.caririemacao.com\/1\/wp-json\/wp\/v2\/posts"}],"about":[{"href":"https:\/\/www.caririemacao.com\/1\/wp-json\/wp\/v2\/types\/post"}],"author":[{"embeddable":true,"href":"https:\/\/www.caririemacao.com\/1\/wp-json\/wp\/v2\/users\/1"}],"replies":[{"embeddable":true,"href":"https:\/\/www.caririemacao.com\/1\/wp-json\/wp\/v2\/comments?post=95363"}],"version-history":[{"count":1,"href":"https:\/\/www.caririemacao.com\/1\/wp-json\/wp\/v2\/posts\/95363\/revisions"}],"predecessor-version":[{"id":95365,"href":"https:\/\/www.caririemacao.com\/1\/wp-json\/wp\/v2\/posts\/95363\/revisions\/95365"}],"wp:featuredmedia":[{"embeddable":true,"href":"https:\/\/www.caririemacao.com\/1\/wp-json\/wp\/v2\/media\/95364"}],"wp:attachment":[{"href":"https:\/\/www.caririemacao.com\/1\/wp-json\/wp\/v2\/media?parent=95363"}],"wp:term":[{"taxonomy":"category","embeddable":true,"href":"https:\/\/www.caririemacao.com\/1\/wp-json\/wp\/v2\/categories?post=95363"},{"taxonomy":"post_tag","embeddable":true,"href":"https:\/\/www.caririemacao.com\/1\/wp-json\/wp\/v2\/tags?post=95363"}],"curies":[{"name":"wp","href":"https:\/\/api.w.org\/{rel}","templated":true}]}}