{"id":95369,"date":"2019-05-16T15:45:11","date_gmt":"2019-05-16T18:45:11","guid":{"rendered":"http:\/\/www.caririemacao.com\/1\/?p=95369"},"modified":"2019-05-16T15:45:11","modified_gmt":"2019-05-16T18:45:11","slug":"a-aliados-bolsonaro-diz-que-flavio-e-inocente-e-que-nao-vao-achar-elo-do-filho-com-a-milicia","status":"publish","type":"post","link":"https:\/\/www.caririemacao.com\/1\/2019\/05\/16\/a-aliados-bolsonaro-diz-que-flavio-e-inocente-e-que-nao-vao-achar-elo-do-filho-com-a-milicia\/","title":{"rendered":"A aliados, Bolsonaro diz que Fl\u00e1vio \u00e9 inocente e que n\u00e3o v\u00e3o achar elo do filho com a mil\u00edcia"},"content":{"rendered":"\n<p>Assim como tem feito com o 02, Carlos Bolsonaro, Jair Bolsonaro saiu em defesa de Fl\u00e1vio Bolsonaro, o 01, e tem feito reuni\u00f5es privadas com pol\u00edticos e aliados para defender o filho sobre as suspeitas de&nbsp;<a href=\"https:\/\/www.revistaforum.com.br\/mp-teria-apontado-compra-de-19-imoveis-por-flavio-bolsonaro-diz-veja\/\">lavagem de dinheiro<\/a>,&nbsp;<a href=\"https:\/\/www.revistaforum.com.br\/mp-aponta-fortes-indicios-de-organizacao-criminosa-em-gabinete-de-flavio-bolsonaro-desde-2007\/\">organiza\u00e7\u00e3o criminosa e alian\u00e7a com milicianos<\/a>&nbsp;no Rio de Janeiro.Segundo a coluna Painel, da jornalista&nbsp;<a href=\"https:\/\/painel.blogfolha.uol.com.br\/2019\/05\/16\/a-aliados-bolsonaro-afirma-que-filho-e-inocente-e-especula-sobre-traicao-de-queiroz\/\">Daniela Lima<\/a>, na edi\u00e7\u00e3o desta quinta-feira (16) da Folha de S.Paulo, Bolsonaro tem feito uma defesa enf\u00e1tica de Fl\u00e1vio e sustenta que o filho \u00e9 inocente, que n\u00e3o v\u00e3o achar nada contra ele, \u201cmuito menos\u201d elo com mil\u00edcia.Bolsonaro tem repetido que a fam\u00edlia \u00e9 alvo de persegui\u00e7\u00e3o e diz desconfiar que o amigo de d\u00e9cadas, Fabr\u00edcio Queiroz, hoje atua para prejudicar o cl\u00e3 ao qual serviu.Segundo a coluna, deputados simp\u00e1ticos a Bolsonaro dizem que o presidente ainda n\u00e3o entendeu a gravidade do caso \u2014 nem que ele trar\u00e1 consequ\u00eancias n\u00e3o s\u00f3 para o filho, mas para seu pr\u00f3prio futuro pol\u00edtico.<\/p>\n","protected":false},"excerpt":{"rendered":"<p>Assim como tem feito com o 02, Carlos Bolsonaro, Jair Bolsonaro saiu em defesa de Fl\u00e1vio Bolsonaro, o 01, e tem feito reuni\u00f5es privadas com&hellip; <\/p>\n","protected":false},"author":1,"featured_media":82162,"comment_status":"closed","ping_status":"closed","sticky":false,"template":"","format":"standard","meta":{"sfsi_plus_gutenberg_text_before_share":"","sfsi_plus_gutenberg_show_text_before_share":"","sfsi_plus_gutenberg_icon_type":"","sfsi_plus_gutenberg_icon_alignemt":"","sfsi_plus_gutenburg_max_per_row":"","footnotes":""},"categories":[11],"tags":[],"class_list":["post-95369","post","type-post","status-publish","format-standard","has-post-thumbnail","hentry","category-politica"],"_links":{"self":[{"href":"https:\/\/www.caririemacao.com\/1\/wp-json\/wp\/v2\/posts\/95369","targetHints":{"allow":["GET"]}}],"collection":[{"href":"https:\/\/www.caririemacao.com\/1\/wp-json\/wp\/v2\/posts"}],"about":[{"href":"https:\/\/www.caririemacao.com\/1\/wp-json\/wp\/v2\/types\/post"}],"author":[{"embeddable":true,"href":"https:\/\/www.caririemacao.com\/1\/wp-json\/wp\/v2\/users\/1"}],"replies":[{"embeddable":true,"href":"https:\/\/www.caririemacao.com\/1\/wp-json\/wp\/v2\/comments?post=95369"}],"version-history":[{"count":1,"href":"https:\/\/www.caririemacao.com\/1\/wp-json\/wp\/v2\/posts\/95369\/revisions"}],"predecessor-version":[{"id":95370,"href":"https:\/\/www.caririemacao.com\/1\/wp-json\/wp\/v2\/posts\/95369\/revisions\/95370"}],"wp:featuredmedia":[{"embeddable":true,"href":"https:\/\/www.caririemacao.com\/1\/wp-json\/wp\/v2\/media\/82162"}],"wp:attachment":[{"href":"https:\/\/www.caririemacao.com\/1\/wp-json\/wp\/v2\/media?parent=95369"}],"wp:term":[{"taxonomy":"category","embeddable":true,"href":"https:\/\/www.caririemacao.com\/1\/wp-json\/wp\/v2\/categories?post=95369"},{"taxonomy":"post_tag","embeddable":true,"href":"https:\/\/www.caririemacao.com\/1\/wp-json\/wp\/v2\/tags?post=95369"}],"curies":[{"name":"wp","href":"https:\/\/api.w.org\/{rel}","templated":true}]}}