{"id":95374,"date":"2019-05-16T15:52:06","date_gmt":"2019-05-16T18:52:06","guid":{"rendered":"http:\/\/www.caririemacao.com\/1\/?p=95374"},"modified":"2019-05-16T15:52:06","modified_gmt":"2019-05-16T18:52:06","slug":"senador-veneziano-defende-manifestacoes-em-favor-da-educacao-no-brasil-e-condena-fala-do-presidente","status":"publish","type":"post","link":"https:\/\/www.caririemacao.com\/1\/2019\/05\/16\/senador-veneziano-defende-manifestacoes-em-favor-da-educacao-no-brasil-e-condena-fala-do-presidente\/","title":{"rendered":"Senador Veneziano defende manifesta\u00e7\u00f5es em favor da Educa\u00e7\u00e3o no Brasil e condena fala do Presidente"},"content":{"rendered":"\n<p>O Senador Veneziano Vital do R\u00eago (PSB-PB) condenou, na tribuna do Senado, a atitude do Presidente da Rep\u00fablica, Jair Bolsonaro, que classificou de \u201cidiotas \u00fateis\u201d e \u201cimbecis\u201d e as pessoas (em sua maioria professores e estudantes), que foram \u00e0s ruas em todo o Brasil para protestar contra o corte de verbas para a Educa\u00e7\u00e3o no Brasil.<\/p>\n\n\n\n<p>Os protestos uniram brasileiros de Norte a Sul contra os cortes anunciados para as universidades p\u00fablicas, Institutos Federais de Educa\u00e7\u00e3o e at\u00e9 para a Educa\u00e7\u00e3o B\u00e1sica. \u201cAs manifesta\u00e7\u00f5es, pelo que eu pude acompanhar, inclusive em minha cidade Campina Grande, na Para\u00edba, foram pac\u00edficas e ordeiras, mas a rea\u00e7\u00e3o do Presidente, estando nos Estados Unidos, foi reprov\u00e1vel e desrespeita as nossas liberdades\u201d.<\/p>\n\n\n\n<p>Segundo Veneziano, n\u00e3o \u00e9 de hoje que o Governo usa de seus Ministros para incitar brasileiros a ficar contra brasileiros, lembrando a fala do Ministro da Educa\u00e7\u00e3o, Abraham Weintraub, quando disse que os cortes em pelo menos tr\u00eas unidades ocorreram por conta de \u201cbalb\u00fardias\u201d nestas universidades.<\/p>\n\n\n\n<p>Na tribuna, o Senador paraibano defendeu o direito dos brasileiros de irem \u00e0s ruas, protestar n\u00e3o apenas pela Educa\u00e7\u00e3o, mas tamb\u00e9m demonstrando preocupa\u00e7\u00e3o com temas como a Reforma da Previd\u00eancia e o desmantelamento do que \u00e9 p\u00fablico. \u201cO que est\u00e1 claro \u00e9 que o objetivo do Governo n\u00e3o \u00e9 apenas cortar verbas da Educa\u00e7\u00e3o, mas desmantelar todas as empresas p\u00fablicas, como se houvesse uma orquestra\u00e7\u00e3o nesse sentido. Mas n\u00e3o vemos, por exemplo, o Ministro da Economia, Paulo Guedes, falar no corte ao pagamento dos juros aos bancos por parte deste Governo\u201d, destacou o Senador.<\/p>\n","protected":false},"excerpt":{"rendered":"<p>O Senador Veneziano Vital do R\u00eago (PSB-PB) condenou, na tribuna do Senado, a atitude do Presidente da Rep\u00fablica, Jair Bolsonaro, que classificou de \u201cidiotas \u00fateis\u201d&hellip; <\/p>\n","protected":false},"author":1,"featured_media":95378,"comment_status":"closed","ping_status":"closed","sticky":false,"template":"","format":"standard","meta":{"sfsi_plus_gutenberg_text_before_share":"","sfsi_plus_gutenberg_show_text_before_share":"","sfsi_plus_gutenberg_icon_type":"","sfsi_plus_gutenberg_icon_alignemt":"","sfsi_plus_gutenburg_max_per_row":"","footnotes":""},"categories":[11],"tags":[],"class_list":["post-95374","post","type-post","status-publish","format-standard","has-post-thumbnail","hentry","category-politica"],"_links":{"self":[{"href":"https:\/\/www.caririemacao.com\/1\/wp-json\/wp\/v2\/posts\/95374","targetHints":{"allow":["GET"]}}],"collection":[{"href":"https:\/\/www.caririemacao.com\/1\/wp-json\/wp\/v2\/posts"}],"about":[{"href":"https:\/\/www.caririemacao.com\/1\/wp-json\/wp\/v2\/types\/post"}],"author":[{"embeddable":true,"href":"https:\/\/www.caririemacao.com\/1\/wp-json\/wp\/v2\/users\/1"}],"replies":[{"embeddable":true,"href":"https:\/\/www.caririemacao.com\/1\/wp-json\/wp\/v2\/comments?post=95374"}],"version-history":[{"count":1,"href":"https:\/\/www.caririemacao.com\/1\/wp-json\/wp\/v2\/posts\/95374\/revisions"}],"predecessor-version":[{"id":95379,"href":"https:\/\/www.caririemacao.com\/1\/wp-json\/wp\/v2\/posts\/95374\/revisions\/95379"}],"wp:featuredmedia":[{"embeddable":true,"href":"https:\/\/www.caririemacao.com\/1\/wp-json\/wp\/v2\/media\/95378"}],"wp:attachment":[{"href":"https:\/\/www.caririemacao.com\/1\/wp-json\/wp\/v2\/media?parent=95374"}],"wp:term":[{"taxonomy":"category","embeddable":true,"href":"https:\/\/www.caririemacao.com\/1\/wp-json\/wp\/v2\/categories?post=95374"},{"taxonomy":"post_tag","embeddable":true,"href":"https:\/\/www.caririemacao.com\/1\/wp-json\/wp\/v2\/tags?post=95374"}],"curies":[{"name":"wp","href":"https:\/\/api.w.org\/{rel}","templated":true}]}}