{"id":95375,"date":"2019-05-16T15:47:42","date_gmt":"2019-05-16T18:47:42","guid":{"rendered":"http:\/\/www.caririemacao.com\/1\/?p=95375"},"modified":"2019-05-16T15:47:42","modified_gmt":"2019-05-16T18:47:42","slug":"exclusivo-cordeirense-e-assassinado-com-tres-tiros-quando-reabria-sua-loja-nesta-quinta","status":"publish","type":"post","link":"https:\/\/www.caririemacao.com\/1\/2019\/05\/16\/exclusivo-cordeirense-e-assassinado-com-tres-tiros-quando-reabria-sua-loja-nesta-quinta\/","title":{"rendered":"EXCLUSIVO: Cordeirense \u00e9 assassinado com tr\u00eas tiros quando reabria sua loja nesta quinta"},"content":{"rendered":"\n<p>Um homic\u00eddio provavelmente premeditado deixou em choque a popula\u00e7\u00e3o de S\u00e3o Jos\u00e9 dos Cordeiros. O cordeirense Neobruno da Silva, conhecido como Bruno de Z\u00e9 Lucas, foi assassinado com tr\u00eas tiros na cabe\u00e7a quando reabria sua loja de material de constru\u00e7\u00e3o na tarde desta quinta-feira (16).<\/p>\n\n\n\n<p>Segundo informa\u00e7\u00f5es apuradas pela reportagem do portal De Olho no Cariri, dois homens de cara limpa em uma moto chegaram, chamaram-no pelo nome e quando ele atendeu foi atingido pelos disparos.<\/p>\n\n\n\n<p>Os dois bandidos fugiram com sentido \u00e0s cidades de Livramento ou Sum\u00e9 e um deles trajava blusa branca, bermuda e estava com capacete cinza na m\u00e3o.<\/p>\n\n\n\n<p><strong>De Olho no Cariri<\/strong><\/p>\n","protected":false},"excerpt":{"rendered":"<p>Um homic\u00eddio provavelmente premeditado deixou em choque a popula\u00e7\u00e3o de S\u00e3o Jos\u00e9 dos Cordeiros. O cordeirense Neobruno da Silva, conhecido como Bruno de Z\u00e9 Lucas,&hellip; <\/p>\n","protected":false},"author":2,"featured_media":95376,"comment_status":"closed","ping_status":"closed","sticky":false,"template":"","format":"standard","meta":{"sfsi_plus_gutenberg_text_before_share":"","sfsi_plus_gutenberg_show_text_before_share":"","sfsi_plus_gutenberg_icon_type":"","sfsi_plus_gutenberg_icon_alignemt":"","sfsi_plus_gutenburg_max_per_row":"","footnotes":""},"categories":[50,12],"tags":[],"class_list":["post-95375","post","type-post","status-publish","format-standard","has-post-thumbnail","hentry","category-destaque","category-policia"],"_links":{"self":[{"href":"https:\/\/www.caririemacao.com\/1\/wp-json\/wp\/v2\/posts\/95375","targetHints":{"allow":["GET"]}}],"collection":[{"href":"https:\/\/www.caririemacao.com\/1\/wp-json\/wp\/v2\/posts"}],"about":[{"href":"https:\/\/www.caririemacao.com\/1\/wp-json\/wp\/v2\/types\/post"}],"author":[{"embeddable":true,"href":"https:\/\/www.caririemacao.com\/1\/wp-json\/wp\/v2\/users\/2"}],"replies":[{"embeddable":true,"href":"https:\/\/www.caririemacao.com\/1\/wp-json\/wp\/v2\/comments?post=95375"}],"version-history":[{"count":1,"href":"https:\/\/www.caririemacao.com\/1\/wp-json\/wp\/v2\/posts\/95375\/revisions"}],"predecessor-version":[{"id":95377,"href":"https:\/\/www.caririemacao.com\/1\/wp-json\/wp\/v2\/posts\/95375\/revisions\/95377"}],"wp:featuredmedia":[{"embeddable":true,"href":"https:\/\/www.caririemacao.com\/1\/wp-json\/wp\/v2\/media\/95376"}],"wp:attachment":[{"href":"https:\/\/www.caririemacao.com\/1\/wp-json\/wp\/v2\/media?parent=95375"}],"wp:term":[{"taxonomy":"category","embeddable":true,"href":"https:\/\/www.caririemacao.com\/1\/wp-json\/wp\/v2\/categories?post=95375"},{"taxonomy":"post_tag","embeddable":true,"href":"https:\/\/www.caririemacao.com\/1\/wp-json\/wp\/v2\/tags?post=95375"}],"curies":[{"name":"wp","href":"https:\/\/api.w.org\/{rel}","templated":true}]}}