{"id":95387,"date":"2019-05-16T15:56:34","date_gmt":"2019-05-16T18:56:34","guid":{"rendered":"http:\/\/www.caririemacao.com\/1\/?p=95387"},"modified":"2019-05-16T15:56:34","modified_gmt":"2019-05-16T18:56:34","slug":"presidente-da-camara-de-monteiro-acredita-que-lorena-devera-unir-o-psb-em-torno-de-sua-reeleicao-em-2020","status":"publish","type":"post","link":"https:\/\/www.caririemacao.com\/1\/2019\/05\/16\/presidente-da-camara-de-monteiro-acredita-que-lorena-devera-unir-o-psb-em-torno-de-sua-reeleicao-em-2020\/","title":{"rendered":"Presidente da C\u00e2mara de Monteiro acredita que Lorena dever\u00e1 unir o PSB em torno de sua reelei\u00e7\u00e3o em 2020"},"content":{"rendered":"\n<p>O presidente da C\u00e2mara de vereadores de Monteiro, Caj\u00f3 Menezes, afirmou ao Blog do Bruno Lira que acredita na uni\u00e3o do grupo pol\u00edtico do PSB entorno da reelei\u00e7\u00e3o da prefeita de Monteiro, Anna Lorena.<\/p>\n\n\n\n<blockquote class=\"wp-block-quote is-layout-flow wp-block-quote-is-layout-flow\"><p>\u201cLorena \u00e9 uma prefeita com muito di\u00e1logo e tem feito um bom trabalho por Monteiro. Eu acredito que Lorena conseguir\u00e1 unir todos e&nbsp; vamos marchar &nbsp;unidos nas elei\u00e7\u00f5es de 2020\u201d disse o presidente do Poder Legislativo.<\/p><\/blockquote>\n\n\n\n<h1 class=\"wp-block-heading\"><strong>Sobre o apoio de Conrado<\/strong><\/h1>\n\n\n\n<p>Caj\u00f3 ressaltou que esteve conversando recentemente com o empres\u00e1rio e presidente do PSB em Monteiro, Juraci Conrado, e a credita no apoio de Conrado ao projeto de reelei\u00e7\u00e3o da prefeita Anna Lorena.<\/p>\n\n\n\n<blockquote class=\"wp-block-quote is-layout-flow wp-block-quote-is-layout-flow\"><p>\u201cConrado \u00e9 um homem sensato e com certeza vai entender a import\u00e2ncia da uni\u00e3o do grupo entorno do nome de Lorena\u201d, finalizou Caj\u00f3.<\/p><\/blockquote>\n\n\n\n<p><strong>Blog do Bruno Lira<\/strong><\/p>\n","protected":false},"excerpt":{"rendered":"<p>O presidente da C\u00e2mara de vereadores de Monteiro, Caj\u00f3 Menezes, afirmou ao Blog do Bruno Lira que acredita na uni\u00e3o do grupo pol\u00edtico do PSB&hellip; <\/p>\n","protected":false},"author":1,"featured_media":95388,"comment_status":"closed","ping_status":"closed","sticky":false,"template":"","format":"standard","meta":{"sfsi_plus_gutenberg_text_before_share":"","sfsi_plus_gutenberg_show_text_before_share":"","sfsi_plus_gutenberg_icon_type":"","sfsi_plus_gutenberg_icon_alignemt":"","sfsi_plus_gutenburg_max_per_row":"","footnotes":""},"categories":[11],"tags":[],"class_list":["post-95387","post","type-post","status-publish","format-standard","has-post-thumbnail","hentry","category-politica"],"_links":{"self":[{"href":"https:\/\/www.caririemacao.com\/1\/wp-json\/wp\/v2\/posts\/95387","targetHints":{"allow":["GET"]}}],"collection":[{"href":"https:\/\/www.caririemacao.com\/1\/wp-json\/wp\/v2\/posts"}],"about":[{"href":"https:\/\/www.caririemacao.com\/1\/wp-json\/wp\/v2\/types\/post"}],"author":[{"embeddable":true,"href":"https:\/\/www.caririemacao.com\/1\/wp-json\/wp\/v2\/users\/1"}],"replies":[{"embeddable":true,"href":"https:\/\/www.caririemacao.com\/1\/wp-json\/wp\/v2\/comments?post=95387"}],"version-history":[{"count":1,"href":"https:\/\/www.caririemacao.com\/1\/wp-json\/wp\/v2\/posts\/95387\/revisions"}],"predecessor-version":[{"id":95389,"href":"https:\/\/www.caririemacao.com\/1\/wp-json\/wp\/v2\/posts\/95387\/revisions\/95389"}],"wp:featuredmedia":[{"embeddable":true,"href":"https:\/\/www.caririemacao.com\/1\/wp-json\/wp\/v2\/media\/95388"}],"wp:attachment":[{"href":"https:\/\/www.caririemacao.com\/1\/wp-json\/wp\/v2\/media?parent=95387"}],"wp:term":[{"taxonomy":"category","embeddable":true,"href":"https:\/\/www.caririemacao.com\/1\/wp-json\/wp\/v2\/categories?post=95387"},{"taxonomy":"post_tag","embeddable":true,"href":"https:\/\/www.caririemacao.com\/1\/wp-json\/wp\/v2\/tags?post=95387"}],"curies":[{"name":"wp","href":"https:\/\/api.w.org\/{rel}","templated":true}]}}