{"id":95391,"date":"2019-05-16T15:58:26","date_gmt":"2019-05-16T18:58:26","guid":{"rendered":"http:\/\/www.caririemacao.com\/1\/?p=95391"},"modified":"2019-05-16T15:58:26","modified_gmt":"2019-05-16T18:58:26","slug":"em-sume-dr-neto-afirma-que-eden-tem-equilibrio-e-autonomia-administrativa","status":"publish","type":"post","link":"https:\/\/www.caririemacao.com\/1\/2019\/05\/16\/em-sume-dr-neto-afirma-que-eden-tem-equilibrio-e-autonomia-administrativa\/","title":{"rendered":"Em Sum\u00e9: Dr. Neto afirma que Eden tem equil\u00edbrio e autonomia administrativa"},"content":{"rendered":"\n<p>Com dedica\u00e7\u00e3o exclusiva \u00e0 medicina e longe da pol\u00edtica partid\u00e1ria, o ex-prefeito de Sum\u00e9, Dr.Neto, falou com o blog, e afirmou que a cidade est\u00e1 no caminho certo e destacou a autonomia e equil\u00edbrio do prefeito Eden para tocar a administra\u00e7\u00e3o p\u00fablica de uma das maiores cidades do Cariri paraibano.<\/p>\n\n\n\n<p>\u201cEden \u00e9 equilibrado e legalista. Tem tocado as obras que nossa gest\u00e3o deixou em andamento e tem buscado&nbsp; novos recursos. N\u00e3o tenho d\u00favidas que Sum\u00e9 est\u00e1 no rumo certo\u201d, frisou Dr.Neto.<\/p>\n\n\n\n<h1 class=\"wp-block-heading\"><strong>Sobre futuro pol\u00edtico<\/strong><\/h1>\n\n\n\n<p>O ex-prefeito Dr.Neto,&nbsp; garantiu que j\u00e1 deu sua contribui\u00e7\u00e3o no cen\u00e1rio pol\u00edtico e n\u00e3o tem pretens\u00e3o de disputar cargos eletivos.<\/p>\n\n\n\n<p><strong>Blog do Bruno Lira<\/strong><\/p>\n","protected":false},"excerpt":{"rendered":"<p>Com dedica\u00e7\u00e3o exclusiva \u00e0 medicina e longe da pol\u00edtica partid\u00e1ria, o ex-prefeito de Sum\u00e9, Dr.Neto, falou com o blog, e afirmou que a cidade est\u00e1&hellip; <\/p>\n","protected":false},"author":1,"featured_media":5954,"comment_status":"closed","ping_status":"closed","sticky":false,"template":"","format":"standard","meta":{"sfsi_plus_gutenberg_text_before_share":"","sfsi_plus_gutenberg_show_text_before_share":"","sfsi_plus_gutenberg_icon_type":"","sfsi_plus_gutenberg_icon_alignemt":"","sfsi_plus_gutenburg_max_per_row":"","footnotes":""},"categories":[11],"tags":[],"class_list":["post-95391","post","type-post","status-publish","format-standard","has-post-thumbnail","hentry","category-politica"],"_links":{"self":[{"href":"https:\/\/www.caririemacao.com\/1\/wp-json\/wp\/v2\/posts\/95391","targetHints":{"allow":["GET"]}}],"collection":[{"href":"https:\/\/www.caririemacao.com\/1\/wp-json\/wp\/v2\/posts"}],"about":[{"href":"https:\/\/www.caririemacao.com\/1\/wp-json\/wp\/v2\/types\/post"}],"author":[{"embeddable":true,"href":"https:\/\/www.caririemacao.com\/1\/wp-json\/wp\/v2\/users\/1"}],"replies":[{"embeddable":true,"href":"https:\/\/www.caririemacao.com\/1\/wp-json\/wp\/v2\/comments?post=95391"}],"version-history":[{"count":1,"href":"https:\/\/www.caririemacao.com\/1\/wp-json\/wp\/v2\/posts\/95391\/revisions"}],"predecessor-version":[{"id":95392,"href":"https:\/\/www.caririemacao.com\/1\/wp-json\/wp\/v2\/posts\/95391\/revisions\/95392"}],"wp:featuredmedia":[{"embeddable":true,"href":"https:\/\/www.caririemacao.com\/1\/wp-json\/wp\/v2\/media\/5954"}],"wp:attachment":[{"href":"https:\/\/www.caririemacao.com\/1\/wp-json\/wp\/v2\/media?parent=95391"}],"wp:term":[{"taxonomy":"category","embeddable":true,"href":"https:\/\/www.caririemacao.com\/1\/wp-json\/wp\/v2\/categories?post=95391"},{"taxonomy":"post_tag","embeddable":true,"href":"https:\/\/www.caririemacao.com\/1\/wp-json\/wp\/v2\/tags?post=95391"}],"curies":[{"name":"wp","href":"https:\/\/api.w.org\/{rel}","templated":true}]}}