{"id":95395,"date":"2019-05-16T15:59:48","date_gmt":"2019-05-16T18:59:48","guid":{"rendered":"http:\/\/www.caririemacao.com\/1\/?p=95395"},"modified":"2019-05-16T15:59:48","modified_gmt":"2019-05-16T18:59:48","slug":"prefeito-eden-representa-o-cariri-em-encontro-estadual-do-programa-agua-doce","status":"publish","type":"post","link":"https:\/\/www.caririemacao.com\/1\/2019\/05\/16\/prefeito-eden-representa-o-cariri-em-encontro-estadual-do-programa-agua-doce\/","title":{"rendered":"Prefeito \u00c9den representa o Cariri em encontro estadual do Programa \u00c1gua Doce"},"content":{"rendered":"\n<p>O prefeito \u00c9den Duarte, participou do IV Encontro Estadual do Programa \u00c1gua Doce, na \u00faltima quinta-feira (15), em Campina Grande, realizado pela Secretaria Estadual de Infraestrutura, Recursos H\u00eddricos e Meio Ambiente.<\/p>\n\n\n\n<div class=\"wp-block-image\"><figure class=\"alignright\"><img decoding=\"async\" data-src=\"http:\/\/deolhonocariri.com.br\/wp-content\/uploads\/2019\/05\/60359718_1258628387633084_4526345658205995008_n-600x450.jpg\" alt=\"\" class=\"wp-image-66967 lazyload\" src=\"data:image\/svg+xml;base64,PHN2ZyB3aWR0aD0iMSIgaGVpZ2h0PSIxIiB4bWxucz0iaHR0cDovL3d3dy53My5vcmcvMjAwMC9zdmciPjwvc3ZnPg==\" style=\"--smush-placeholder-width: 600px; --smush-placeholder-aspect-ratio: 600\/450;\" \/><\/figure><\/div>\n\n\n\n<p>\u00c9den esteve representando os demais prefeitos da regi\u00e3o do Cariri Paraibano.<\/p>\n\n\n\n<p>O objetivo do encontro foi discutir os resultados obtidos pelo Programa \u00c1gua Doce (PAD) e as possibilidades de expans\u00e3o para os demais munic\u00edpios da Para\u00edba.<\/p>\n\n\n\n<p>Sum\u00e9 \u00e9 um dos munic\u00edpios contemplados com o Programa. Em dezembro de 2018, um sistema de dessaliniza\u00e7\u00e3o foi inaugurado na comunidade do s\u00edtio Pitombeira e outro est\u00e1 em constru\u00e7\u00e3o no s\u00edtio Princesa do Ju\u00e1.<\/p>\n\n\n\n<p>Tamb\u00e9m estiveram presentes ao evento o coordenador nacional do PAD, Alexandre Saia, o coordenador estadual Robi Tabolka, representantes das comunidades e gest\u00f5es municipais atendidas pelo programa.<\/p>\n\n\n\n<p>Programa \u00c1gua Doce \u2013 O PAD \u00e9 uma a\u00e7\u00e3o do Governo Federal, coordenada pelo Minist\u00e9rio do Desenvolvimento Regional, em parceria com cerca de 200 institui\u00e7\u00f5es federais, estaduais, municipais e sociedade civil, que atende prioritariamente comunidades rurais localizadas no Semi\u00e1rido Brasileiro. O Programa busca estabelecer uma pol\u00edtica p\u00fablica permanente de acesso \u00e0 \u00e1gua de boa qualidade para o consumo humano por meio do aproveitamento sustent\u00e1vel de \u00e1guas subterr\u00e2neas, incorporando cuidados ambientais e sociais na gest\u00e3o de sistemas de dessaliniza\u00e7\u00e3o.<\/p>\n\n\n\n<p><em>Com Ascom PMS<\/em><\/p>\n","protected":false},"excerpt":{"rendered":"<p>O prefeito \u00c9den Duarte, participou do IV Encontro Estadual do Programa \u00c1gua Doce, na \u00faltima quinta-feira (15), em Campina Grande, realizado pela Secretaria Estadual de&hellip; <\/p>\n","protected":false},"author":1,"featured_media":95396,"comment_status":"closed","ping_status":"closed","sticky":false,"template":"","format":"standard","meta":{"sfsi_plus_gutenberg_text_before_share":"","sfsi_plus_gutenberg_show_text_before_share":"","sfsi_plus_gutenberg_icon_type":"","sfsi_plus_gutenberg_icon_alignemt":"","sfsi_plus_gutenburg_max_per_row":"","footnotes":""},"categories":[50,2],"tags":[],"class_list":["post-95395","post","type-post","status-publish","format-standard","has-post-thumbnail","hentry","category-destaque","category-geral"],"_links":{"self":[{"href":"https:\/\/www.caririemacao.com\/1\/wp-json\/wp\/v2\/posts\/95395","targetHints":{"allow":["GET"]}}],"collection":[{"href":"https:\/\/www.caririemacao.com\/1\/wp-json\/wp\/v2\/posts"}],"about":[{"href":"https:\/\/www.caririemacao.com\/1\/wp-json\/wp\/v2\/types\/post"}],"author":[{"embeddable":true,"href":"https:\/\/www.caririemacao.com\/1\/wp-json\/wp\/v2\/users\/1"}],"replies":[{"embeddable":true,"href":"https:\/\/www.caririemacao.com\/1\/wp-json\/wp\/v2\/comments?post=95395"}],"version-history":[{"count":1,"href":"https:\/\/www.caririemacao.com\/1\/wp-json\/wp\/v2\/posts\/95395\/revisions"}],"predecessor-version":[{"id":95397,"href":"https:\/\/www.caririemacao.com\/1\/wp-json\/wp\/v2\/posts\/95395\/revisions\/95397"}],"wp:featuredmedia":[{"embeddable":true,"href":"https:\/\/www.caririemacao.com\/1\/wp-json\/wp\/v2\/media\/95396"}],"wp:attachment":[{"href":"https:\/\/www.caririemacao.com\/1\/wp-json\/wp\/v2\/media?parent=95395"}],"wp:term":[{"taxonomy":"category","embeddable":true,"href":"https:\/\/www.caririemacao.com\/1\/wp-json\/wp\/v2\/categories?post=95395"},{"taxonomy":"post_tag","embeddable":true,"href":"https:\/\/www.caririemacao.com\/1\/wp-json\/wp\/v2\/tags?post=95395"}],"curies":[{"name":"wp","href":"https:\/\/api.w.org\/{rel}","templated":true}]}}