{"id":95401,"date":"2019-05-17T11:06:18","date_gmt":"2019-05-17T14:06:18","guid":{"rendered":"http:\/\/www.caririemacao.com\/1\/?p=95401"},"modified":"2019-05-17T11:06:18","modified_gmt":"2019-05-17T14:06:18","slug":"prefeitura-de-sume-realiza-capacitacao-para-a-rede-socioassistencial-do-municipio","status":"publish","type":"post","link":"https:\/\/www.caririemacao.com\/1\/2019\/05\/17\/prefeitura-de-sume-realiza-capacitacao-para-a-rede-socioassistencial-do-municipio\/","title":{"rendered":"Prefeitura de Sum\u00e9 realiza capacita\u00e7\u00e3o para a rede socioassistencial do munic\u00edpio"},"content":{"rendered":"\n<p>A Prefeitura de Sum\u00e9, atrav\u00e9s da Secretaria de Assist\u00eancia Social, realizou esta semana, ter\u00e7a e quarta-feira, um evento para os profissionais do munic\u00edpio que atuam em a\u00e7\u00f5es que est\u00e3o diretamente ligadas ao Centro de Refer\u00eancia Especializado em Assist\u00eancia Social (Creas).<\/p>\n\n\n\n<p>Participaram servidores das Secretarias de Sa\u00fade, Educa\u00e7\u00e3o, Conselhos Municipais, Hospital, Conselho Tutelar e \u00f3rg\u00e3os que fazem parte da rede que atende casos que culminam no Creas.<\/p>\n\n\n\n<p>A capacita\u00e7\u00e3o aconteceu no audit\u00f3rio da Secretaria de Educa\u00e7\u00e3o, com o objetivo de discutir temas que s\u00e3o vivenciados durante o dia a dia destes profissionais.<\/p>\n\n\n\n<p>Durante as palestras foram discutidos temas de relev\u00e2ncia para o cotidiano dos profissionais de cada \u00f3rg\u00e3o envolvido, como a prote\u00e7\u00e3o social b\u00e1sica de m\u00e9dia e alta complexidade, a atua\u00e7\u00e3o do Creas na medida socioeducativa, legisla\u00e7\u00e3o a respeito da atua\u00e7\u00e3o do Centro, resolutividade de casos pr\u00e1ticos, entre outros temas.<\/p>\n\n\n\n<div class=\"wp-block-image\"><figure class=\"alignleft is-resized\"><img fetchpriority=\"high\" decoding=\"async\" src=\"https:\/\/i2.wp.com\/www.vitrinedocariri.com.br\/wp-content\/uploads\/2019\/05\/003-42.jpg?resize=300%2C290&amp;ssl=1\" alt=\"\" class=\"wp-image-43903\" width=\"391\" height=\"378\"\/><\/figure><\/div>\n\n\n\n<p>Para a coordenadora do Creas, Francismere Passos, essa foi uma oportunidade \u00fanica de discutir os temas que s\u00e3o de encaminhamentos de reparti\u00e7\u00f5es ligados a Sa\u00fade, Educa\u00e7\u00e3o e Assist\u00eancia Social. \u201cQuero destacar a dedica\u00e7\u00e3o da gest\u00e3o municipal, estes s\u00e3o eventos que fortalecem as redes e os servi\u00e7os que s\u00e3o ofertados \u00e0 popula\u00e7\u00e3o\u201d, disse Francismere.<\/p>\n\n\n\n<p>A advogada Aluska Kallyne disse que existe a necessidade de dialogar com os diversos \u00f3rg\u00e3os que atuam na rede socioassistencial. \u201cExistem casos que chegam no Cras que s\u00f3 poder\u00e3o ser realizados com uma atua\u00e7\u00e3o conjunta\u201d afirmou a advogada.<br><\/p>\n","protected":false},"excerpt":{"rendered":"<p>A Prefeitura de Sum\u00e9, atrav\u00e9s da Secretaria de Assist\u00eancia Social, realizou esta semana, ter\u00e7a e quarta-feira, um evento para os profissionais do munic\u00edpio que atuam&hellip; <\/p>\n","protected":false},"author":1,"featured_media":52105,"comment_status":"closed","ping_status":"closed","sticky":false,"template":"","format":"standard","meta":{"sfsi_plus_gutenberg_text_before_share":"","sfsi_plus_gutenberg_show_text_before_share":"","sfsi_plus_gutenberg_icon_type":"","sfsi_plus_gutenberg_icon_alignemt":"","sfsi_plus_gutenburg_max_per_row":"","footnotes":""},"categories":[6],"tags":[],"class_list":["post-95401","post","type-post","status-publish","format-standard","has-post-thumbnail","hentry","category-cidades"],"_links":{"self":[{"href":"https:\/\/www.caririemacao.com\/1\/wp-json\/wp\/v2\/posts\/95401","targetHints":{"allow":["GET"]}}],"collection":[{"href":"https:\/\/www.caririemacao.com\/1\/wp-json\/wp\/v2\/posts"}],"about":[{"href":"https:\/\/www.caririemacao.com\/1\/wp-json\/wp\/v2\/types\/post"}],"author":[{"embeddable":true,"href":"https:\/\/www.caririemacao.com\/1\/wp-json\/wp\/v2\/users\/1"}],"replies":[{"embeddable":true,"href":"https:\/\/www.caririemacao.com\/1\/wp-json\/wp\/v2\/comments?post=95401"}],"version-history":[{"count":1,"href":"https:\/\/www.caririemacao.com\/1\/wp-json\/wp\/v2\/posts\/95401\/revisions"}],"predecessor-version":[{"id":95402,"href":"https:\/\/www.caririemacao.com\/1\/wp-json\/wp\/v2\/posts\/95401\/revisions\/95402"}],"wp:featuredmedia":[{"embeddable":true,"href":"https:\/\/www.caririemacao.com\/1\/wp-json\/wp\/v2\/media\/52105"}],"wp:attachment":[{"href":"https:\/\/www.caririemacao.com\/1\/wp-json\/wp\/v2\/media?parent=95401"}],"wp:term":[{"taxonomy":"category","embeddable":true,"href":"https:\/\/www.caririemacao.com\/1\/wp-json\/wp\/v2\/categories?post=95401"},{"taxonomy":"post_tag","embeddable":true,"href":"https:\/\/www.caririemacao.com\/1\/wp-json\/wp\/v2\/tags?post=95401"}],"curies":[{"name":"wp","href":"https:\/\/api.w.org\/{rel}","templated":true}]}}