{"id":95403,"date":"2019-05-17T11:38:34","date_gmt":"2019-05-17T14:38:34","guid":{"rendered":"http:\/\/www.caririemacao.com\/1\/?p=95403"},"modified":"2019-05-17T11:38:34","modified_gmt":"2019-05-17T14:38:34","slug":"camara-de-monteiro-recebe-secretaria-para-apresentar-todos-os-detalhes-do-sao-joao-2019","status":"publish","type":"post","link":"https:\/\/www.caririemacao.com\/1\/2019\/05\/17\/camara-de-monteiro-recebe-secretaria-para-apresentar-todos-os-detalhes-do-sao-joao-2019\/","title":{"rendered":"C\u00e2mara de Monteiro recebe Secret\u00e1ria para apresentar todos os detalhes do S\u00e3o Jo\u00e3o 2019"},"content":{"rendered":"\n<p>A C\u00e2mara Municipal de Monteiro recebeu na noite desta quinta-feira, 16, a Secret\u00e1ria de Cultura do munic\u00edpio, Christianne Leal, que levou todas as informa\u00e7\u00f5es relativas \u00e0 realiza\u00e7\u00e3o do S\u00e3o Jo\u00e3o 2019 \u2013 Cidade Forr\u00f3<\/p>\n\n\n\n<p>A secret\u00e1ria esteve ao lado do vice-prefeito Celecileno Alves, da secret\u00e1ria executiva de Cultura, Eliane Andrade, da secretaria de desenvolvimento social Rosa Aleixo, da ex-vereadora Betinha do Funrural, e da equipe da secretaria de cultura.<\/p>\n\n\n\n<p>Na ocasi\u00e3o, Christianne deu todos os detalhes relativos \u00e0 programa\u00e7\u00e3o, escolha das atra\u00e7\u00f5es, local de realiza\u00e7\u00e3o do evento, novidades, seguran\u00e7a, e benef\u00edcios que a festa vai trazer para o munic\u00edpio.<\/p>\n\n\n\n<p>Ap\u00f3s sua apresenta\u00e7\u00e3o, a secretaria recebeu os elogios dos vereadores e tirou algumas duvidas, inclusive em rela\u00e7\u00e3o \u00e0 acessibilidade para pessoas portadoras de defici\u00eancia, que segundo ela ter\u00e3o acesso livre \u00e0 \u00e1rea Vip da festa.<\/p>\n\n\n\n<p>\u201cFoi muito importante a presen\u00e7a da secretaria aqui nesta casa, esta noite, pois a casa do povo \u00e9 o lugar ideal para que possa ser demonstrado e explicado a todos, os detalhes da nossa maior festa\u201d, disse o vereador Caj\u00f3<\/p>\n\n\n\n<p>\u201c\u00c9 assim que trabalha a nossa gest\u00e3o, de forma transparente e honesta. Mostramos na casa do povo cada detalhe da festa, que vai ser a 2\u00aa maior do estado e uma das maiores do Nordeste\u201d, completou o vice-prefeito, Celecileno Alves.<\/p>\n","protected":false},"excerpt":{"rendered":"<p>A C\u00e2mara Municipal de Monteiro recebeu na noite desta quinta-feira, 16, a Secret\u00e1ria de Cultura do munic\u00edpio, Christianne Leal, que levou todas as informa\u00e7\u00f5es relativas&hellip; <\/p>\n","protected":false},"author":1,"featured_media":95404,"comment_status":"closed","ping_status":"closed","sticky":false,"template":"","format":"standard","meta":{"sfsi_plus_gutenberg_text_before_share":"","sfsi_plus_gutenberg_show_text_before_share":"","sfsi_plus_gutenberg_icon_type":"","sfsi_plus_gutenberg_icon_alignemt":"","sfsi_plus_gutenburg_max_per_row":"","footnotes":""},"categories":[6],"tags":[],"class_list":["post-95403","post","type-post","status-publish","format-standard","has-post-thumbnail","hentry","category-cidades"],"_links":{"self":[{"href":"https:\/\/www.caririemacao.com\/1\/wp-json\/wp\/v2\/posts\/95403","targetHints":{"allow":["GET"]}}],"collection":[{"href":"https:\/\/www.caririemacao.com\/1\/wp-json\/wp\/v2\/posts"}],"about":[{"href":"https:\/\/www.caririemacao.com\/1\/wp-json\/wp\/v2\/types\/post"}],"author":[{"embeddable":true,"href":"https:\/\/www.caririemacao.com\/1\/wp-json\/wp\/v2\/users\/1"}],"replies":[{"embeddable":true,"href":"https:\/\/www.caririemacao.com\/1\/wp-json\/wp\/v2\/comments?post=95403"}],"version-history":[{"count":1,"href":"https:\/\/www.caririemacao.com\/1\/wp-json\/wp\/v2\/posts\/95403\/revisions"}],"predecessor-version":[{"id":95416,"href":"https:\/\/www.caririemacao.com\/1\/wp-json\/wp\/v2\/posts\/95403\/revisions\/95416"}],"wp:featuredmedia":[{"embeddable":true,"href":"https:\/\/www.caririemacao.com\/1\/wp-json\/wp\/v2\/media\/95404"}],"wp:attachment":[{"href":"https:\/\/www.caririemacao.com\/1\/wp-json\/wp\/v2\/media?parent=95403"}],"wp:term":[{"taxonomy":"category","embeddable":true,"href":"https:\/\/www.caririemacao.com\/1\/wp-json\/wp\/v2\/categories?post=95403"},{"taxonomy":"post_tag","embeddable":true,"href":"https:\/\/www.caririemacao.com\/1\/wp-json\/wp\/v2\/tags?post=95403"}],"curies":[{"name":"wp","href":"https:\/\/api.w.org\/{rel}","templated":true}]}}