{"id":95405,"date":"2019-05-17T11:35:41","date_gmt":"2019-05-17T14:35:41","guid":{"rendered":"http:\/\/www.caririemacao.com\/1\/?p=95405"},"modified":"2019-05-17T11:35:41","modified_gmt":"2019-05-17T14:35:41","slug":"prefeitura-de-sume-inicia-campanha-maio-amarelo","status":"publish","type":"post","link":"https:\/\/www.caririemacao.com\/1\/2019\/05\/17\/prefeitura-de-sume-inicia-campanha-maio-amarelo\/","title":{"rendered":"Prefeitura de Sum\u00e9 inicia Campanha Maio Amarelo"},"content":{"rendered":"\n<p> A Prefeitura de Sum\u00e9, por meio da Secretaria Municipal de Educa\u00e7\u00e3o, abriu oficialmente na manh\u00e3 desta sexta-feira, dia 17, a Campanha Nacional de Tr\u00e2nsito &#8220;Maio Amarelo&#8221; &#8211; Sum\u00e9-PB. A solenidade ocorreu no audit\u00f3rio da Secretaria de Educa\u00e7\u00e3o.<\/p>\n\n\n\n<figure class=\"wp-block-image\"><img fetchpriority=\"high\" decoding=\"async\" width=\"1024\" height=\"678\" src=\"http:\/\/www.caririemacao.com\/1\/wp-content\/uploads\/2019\/05\/DSC_0004-2-1024x678.jpg\" alt=\"\" class=\"wp-image-95409\" srcset=\"https:\/\/www.caririemacao.com\/1\/wp-content\/uploads\/2019\/05\/DSC_0004-2-1024x678.jpg 1024w, https:\/\/www.caririemacao.com\/1\/wp-content\/uploads\/2019\/05\/DSC_0004-2-300x199.jpg 300w, https:\/\/www.caririemacao.com\/1\/wp-content\/uploads\/2019\/05\/DSC_0004-2-768x509.jpg 768w\" sizes=\"(max-width: 1024px) 100vw, 1024px\" \/><\/figure>\n\n\n\n<p><br> De acordo com o secret\u00e1rio de educa\u00e7\u00e3o, Odilon Ara\u00fajo, a campanha Maio Amarelo tem o objetivo de realizar durante este m\u00eas, diversas atividades com o intuito de mobilizar e conscientizar a popula\u00e7\u00e3o sobre a redu\u00e7\u00e3o de acidentes.<\/p>\n\n\n\n<figure class=\"wp-block-image\"><img decoding=\"async\" width=\"1024\" height=\"678\" data-src=\"http:\/\/www.caririemacao.com\/1\/wp-content\/uploads\/2019\/05\/DSC_0049-1024x678.jpg\" alt=\"\" class=\"wp-image-95410 lazyload\" data-srcset=\"https:\/\/www.caririemacao.com\/1\/wp-content\/uploads\/2019\/05\/DSC_0049-1024x678.jpg 1024w, https:\/\/www.caririemacao.com\/1\/wp-content\/uploads\/2019\/05\/DSC_0049-300x199.jpg 300w, https:\/\/www.caririemacao.com\/1\/wp-content\/uploads\/2019\/05\/DSC_0049-768x509.jpg 768w\" data-sizes=\"(max-width: 1024px) 100vw, 1024px\" src=\"data:image\/svg+xml;base64,PHN2ZyB3aWR0aD0iMSIgaGVpZ2h0PSIxIiB4bWxucz0iaHR0cDovL3d3dy53My5vcmcvMjAwMC9zdmciPjwvc3ZnPg==\" style=\"--smush-placeholder-width: 1024px; --smush-placeholder-aspect-ratio: 1024\/678;\" \/><\/figure>\n\n\n\n<p><br> Na ocasi\u00e3o estiveram presente o prefeito \u00c9den, vereadores Z\u00e9 Ant\u00f4nio e Ant\u00f4nio Carlos, secret\u00e1rios municipais, profissionais de educa\u00e7\u00e3o, alunos da Rede Municipal de Ensino e representantes de v\u00e1rias entidades.<\/p>\n\n\n\n<p><br> O evento contou ainda com a palestra educativa do sargento Raul Filho que falou sobre transito na escola, o sentido da vida.  \u201cNo tr\u00e2nsito, o sentido \u00e9 a vida\u201d, por isso, visamos chamar a aten\u00e7\u00e3o da sociedade para o alto \u00edndice de mortes e feridos no tr\u00e2nsito\u201d comentou o sargento Raul.<\/p>\n\n\n\n<figure class=\"wp-block-image\"><img decoding=\"async\" width=\"1024\" height=\"678\" data-src=\"http:\/\/www.caririemacao.com\/1\/wp-content\/uploads\/2019\/05\/DSC_0068-1024x678.jpg\" alt=\"\" class=\"wp-image-95411 lazyload\" data-srcset=\"https:\/\/www.caririemacao.com\/1\/wp-content\/uploads\/2019\/05\/DSC_0068-1024x678.jpg 1024w, https:\/\/www.caririemacao.com\/1\/wp-content\/uploads\/2019\/05\/DSC_0068-300x199.jpg 300w, https:\/\/www.caririemacao.com\/1\/wp-content\/uploads\/2019\/05\/DSC_0068-768x509.jpg 768w\" data-sizes=\"(max-width: 1024px) 100vw, 1024px\" src=\"data:image\/svg+xml;base64,PHN2ZyB3aWR0aD0iMSIgaGVpZ2h0PSIxIiB4bWxucz0iaHR0cDovL3d3dy53My5vcmcvMjAwMC9zdmciPjwvc3ZnPg==\" style=\"--smush-placeholder-width: 1024px; --smush-placeholder-aspect-ratio: 1024\/678;\" \/><\/figure>\n\n\n\n<p><br> Entre as a\u00e7\u00f5es realizadas est\u00e3o \u00e0 panfletagem, bate-papo sobre seguran\u00e7a no tr\u00e2nsito com alunos de escolas municipais e blitz educativas nas avenidas Tamoios e Aimor\u00e9s.<\/p>\n\n\n\n<figure class=\"wp-block-image\"><img decoding=\"async\" width=\"1024\" height=\"678\" data-src=\"http:\/\/www.caririemacao.com\/1\/wp-content\/uploads\/2019\/05\/DSC_0038-1-1024x678.jpg\" alt=\"\" class=\"wp-image-95412 lazyload\" data-srcset=\"https:\/\/www.caririemacao.com\/1\/wp-content\/uploads\/2019\/05\/DSC_0038-1-1024x678.jpg 1024w, https:\/\/www.caririemacao.com\/1\/wp-content\/uploads\/2019\/05\/DSC_0038-1-300x199.jpg 300w, https:\/\/www.caririemacao.com\/1\/wp-content\/uploads\/2019\/05\/DSC_0038-1-768x509.jpg 768w\" data-sizes=\"(max-width: 1024px) 100vw, 1024px\" src=\"data:image\/svg+xml;base64,PHN2ZyB3aWR0aD0iMSIgaGVpZ2h0PSIxIiB4bWxucz0iaHR0cDovL3d3dy53My5vcmcvMjAwMC9zdmciPjwvc3ZnPg==\" style=\"--smush-placeholder-width: 1024px; --smush-placeholder-aspect-ratio: 1024\/678;\" \/><\/figure>\n\n\n\n<p><br> O prefeito \u00c9den Duarte contou que a Campanha Maio Amarelo ganhou destaque nacional. \u201cA campanha \u00e9 realizada anualmente, para que as pessoas olhem com mais cuidado para os assuntos relacionados ao tr\u00e2nsito, como o excesso de velocidade, a mistura de \u00e1lcool e dire\u00e7\u00e3o, conduta do pedestre e o uso da faixa\u201d, disse.<\/p>\n\n\n\n<figure class=\"wp-block-image\"><img decoding=\"async\" width=\"1024\" height=\"678\" data-src=\"http:\/\/www.caririemacao.com\/1\/wp-content\/uploads\/2019\/05\/DSC_0062-1024x678.jpg\" alt=\"\" class=\"wp-image-95413 lazyload\" data-srcset=\"https:\/\/www.caririemacao.com\/1\/wp-content\/uploads\/2019\/05\/DSC_0062-1024x678.jpg 1024w, https:\/\/www.caririemacao.com\/1\/wp-content\/uploads\/2019\/05\/DSC_0062-300x199.jpg 300w, https:\/\/www.caririemacao.com\/1\/wp-content\/uploads\/2019\/05\/DSC_0062-768x509.jpg 768w\" data-sizes=\"(max-width: 1024px) 100vw, 1024px\" src=\"data:image\/svg+xml;base64,PHN2ZyB3aWR0aD0iMSIgaGVpZ2h0PSIxIiB4bWxucz0iaHR0cDovL3d3dy53My5vcmcvMjAwMC9zdmciPjwvc3ZnPg==\" style=\"--smush-placeholder-width: 1024px; --smush-placeholder-aspect-ratio: 1024\/678;\" \/><\/figure>\n\n\n\n<p><br> J\u00e1 o secret\u00e1rio de educa\u00e7\u00e3o, Odilon Ara\u00fajo, falou da import\u00e2ncia da campanha e agradeceu a colabora\u00e7\u00e3o de todos os envolvidos na campanha\u201d, finalizou.<\/p>\n\n\n\n<p><br> Maio Amarelo<\/p>\n\n\n\n<p> Esta campanha \u00e9 um movimento internacional de conscientiza\u00e7\u00e3o para redu\u00e7\u00e3o de acidentes de tr\u00e2nsito. Em 11 de maio de 2011, a ONU decretou a D\u00e9cada de A\u00e7\u00e3o para Seguran\u00e7a no Tr\u00e2nsito. Com isso, o m\u00eas de maio se tornou refer\u00eancia mundial para balan\u00e7o das a\u00e7\u00f5es que o mundo inteiro realiza. A cor amarela simboliza aten\u00e7\u00e3o, sinaliza\u00e7\u00e3o e advert\u00eancia no tr\u00e2nsito.<\/p>\n\n\n\n<p><a href=\"https:\/\/www.facebook.com\/pg\/CaririEmAcao\/photos\/?tab=album&amp;album_id=1548006198668731\">CLIQUE AQUI E VEJA TODAS AS FOTOS<\/a><\/p>\n","protected":false},"excerpt":{"rendered":"<p>A Prefeitura de Sum\u00e9, por meio da Secretaria Municipal de Educa\u00e7\u00e3o, abriu oficialmente na manh\u00e3 desta sexta-feira, dia 17, a Campanha Nacional de Tr\u00e2nsito &#8220;Maio&hellip; <\/p>\n","protected":false},"author":2,"featured_media":95414,"comment_status":"closed","ping_status":"closed","sticky":false,"template":"","format":"standard","meta":{"sfsi_plus_gutenberg_text_before_share":"","sfsi_plus_gutenberg_show_text_before_share":"","sfsi_plus_gutenberg_icon_type":"","sfsi_plus_gutenberg_icon_alignemt":"","sfsi_plus_gutenburg_max_per_row":"","footnotes":""},"categories":[6,50],"tags":[],"class_list":["post-95405","post","type-post","status-publish","format-standard","has-post-thumbnail","hentry","category-cidades","category-destaque"],"_links":{"self":[{"href":"https:\/\/www.caririemacao.com\/1\/wp-json\/wp\/v2\/posts\/95405","targetHints":{"allow":["GET"]}}],"collection":[{"href":"https:\/\/www.caririemacao.com\/1\/wp-json\/wp\/v2\/posts"}],"about":[{"href":"https:\/\/www.caririemacao.com\/1\/wp-json\/wp\/v2\/types\/post"}],"author":[{"embeddable":true,"href":"https:\/\/www.caririemacao.com\/1\/wp-json\/wp\/v2\/users\/2"}],"replies":[{"embeddable":true,"href":"https:\/\/www.caririemacao.com\/1\/wp-json\/wp\/v2\/comments?post=95405"}],"version-history":[{"count":3,"href":"https:\/\/www.caririemacao.com\/1\/wp-json\/wp\/v2\/posts\/95405\/revisions"}],"predecessor-version":[{"id":95415,"href":"https:\/\/www.caririemacao.com\/1\/wp-json\/wp\/v2\/posts\/95405\/revisions\/95415"}],"wp:featuredmedia":[{"embeddable":true,"href":"https:\/\/www.caririemacao.com\/1\/wp-json\/wp\/v2\/media\/95414"}],"wp:attachment":[{"href":"https:\/\/www.caririemacao.com\/1\/wp-json\/wp\/v2\/media?parent=95405"}],"wp:term":[{"taxonomy":"category","embeddable":true,"href":"https:\/\/www.caririemacao.com\/1\/wp-json\/wp\/v2\/categories?post=95405"},{"taxonomy":"post_tag","embeddable":true,"href":"https:\/\/www.caririemacao.com\/1\/wp-json\/wp\/v2\/tags?post=95405"}],"curies":[{"name":"wp","href":"https:\/\/api.w.org\/{rel}","templated":true}]}}