{"id":95421,"date":"2019-05-17T11:51:29","date_gmt":"2019-05-17T14:51:29","guid":{"rendered":"http:\/\/www.caririemacao.com\/1\/?p=95421"},"modified":"2019-05-17T11:51:29","modified_gmt":"2019-05-17T14:51:29","slug":"idoso-reage-a-assalto-e-mata-assaltante-no-interior-da-pb","status":"publish","type":"post","link":"https:\/\/www.caririemacao.com\/1\/2019\/05\/17\/idoso-reage-a-assalto-e-mata-assaltante-no-interior-da-pb\/","title":{"rendered":"Idoso reage a assalto e mata assaltante no interior da PB"},"content":{"rendered":"\n<p>Um suspeito de assalto foi morto com um tiro de espingarda \u201cbate-bucha\u201d na noite desta quarta-feira (15), no munic\u00edpio de Cajazeiras, sert\u00e3o da Para\u00edba. De acordo com Yvina Cordeira, delegada que acompanha o caso, o homem estava com um comparsa e tentou assaltar a casa de um idoso.<\/p>\n\n\n\n<p>Segundo a pol\u00edcia, a fam\u00edlia estava reunida na frente da&nbsp;casa no in\u00edcio da noite quando foi surpreendida pela dupla.<\/p>\n\n\n\n<p>\u201cDois assaltantes com um rev\u00f3lver calibre 32 anunciaram o assalto. Assustadas, as v\u00edtimas come\u00e7aram a entrar&nbsp;na resid\u00eancia e o suspeito passou a for\u00e7ar a porta, a todo momento amea\u00e7ando. O idoso pegou um bate bucha e deu um disparo aleat\u00f3rio, em dire\u00e7\u00e3o ao porta. O suspeito veio a \u00f3bito no local\u201d, disse a delegada.<\/p>\n\n\n\n<p>\u201cO outro fugiu disparando contra resid\u00eancia. Em dilig\u00eancias a pol\u00edcia, pr\u00f3ximo a localidade, encontrou o segundo acusado em posse do rev\u00f3lver do dinheiro e do celular das v\u00edtimas. Todos foram levados \u00e0 Delegacia e instauramos um procedimento de roubo na modalidade qualificada e com o aumento de pena por ter usado a arma de fogo\u201d, finalizou.<\/p>\n\n\n\n<p>O idoso foi liberado ap\u00f3s prestar depoimento, j\u00e1 que a a\u00e7\u00e3o foi considerada leg\u00edtima defesa.<\/p>\n\n\n\n<p>Portal PB not\u00edcias<\/p>\n","protected":false},"excerpt":{"rendered":"<p>Um suspeito de assalto foi morto com um tiro de espingarda \u201cbate-bucha\u201d na noite desta quarta-feira (15), no munic\u00edpio de Cajazeiras, sert\u00e3o da Para\u00edba. De&hellip; <\/p>\n","protected":false},"author":1,"featured_media":86038,"comment_status":"closed","ping_status":"closed","sticky":false,"template":"","format":"standard","meta":{"sfsi_plus_gutenberg_text_before_share":"","sfsi_plus_gutenberg_show_text_before_share":"","sfsi_plus_gutenberg_icon_type":"","sfsi_plus_gutenberg_icon_alignemt":"","sfsi_plus_gutenburg_max_per_row":"","footnotes":""},"categories":[12],"tags":[],"class_list":["post-95421","post","type-post","status-publish","format-standard","has-post-thumbnail","hentry","category-policia"],"_links":{"self":[{"href":"https:\/\/www.caririemacao.com\/1\/wp-json\/wp\/v2\/posts\/95421","targetHints":{"allow":["GET"]}}],"collection":[{"href":"https:\/\/www.caririemacao.com\/1\/wp-json\/wp\/v2\/posts"}],"about":[{"href":"https:\/\/www.caririemacao.com\/1\/wp-json\/wp\/v2\/types\/post"}],"author":[{"embeddable":true,"href":"https:\/\/www.caririemacao.com\/1\/wp-json\/wp\/v2\/users\/1"}],"replies":[{"embeddable":true,"href":"https:\/\/www.caririemacao.com\/1\/wp-json\/wp\/v2\/comments?post=95421"}],"version-history":[{"count":1,"href":"https:\/\/www.caririemacao.com\/1\/wp-json\/wp\/v2\/posts\/95421\/revisions"}],"predecessor-version":[{"id":95422,"href":"https:\/\/www.caririemacao.com\/1\/wp-json\/wp\/v2\/posts\/95421\/revisions\/95422"}],"wp:featuredmedia":[{"embeddable":true,"href":"https:\/\/www.caririemacao.com\/1\/wp-json\/wp\/v2\/media\/86038"}],"wp:attachment":[{"href":"https:\/\/www.caririemacao.com\/1\/wp-json\/wp\/v2\/media?parent=95421"}],"wp:term":[{"taxonomy":"category","embeddable":true,"href":"https:\/\/www.caririemacao.com\/1\/wp-json\/wp\/v2\/categories?post=95421"},{"taxonomy":"post_tag","embeddable":true,"href":"https:\/\/www.caririemacao.com\/1\/wp-json\/wp\/v2\/tags?post=95421"}],"curies":[{"name":"wp","href":"https:\/\/api.w.org\/{rel}","templated":true}]}}