{"id":95423,"date":"2019-05-17T12:01:36","date_gmt":"2019-05-17T15:01:36","guid":{"rendered":"http:\/\/www.caririemacao.com\/1\/?p=95423"},"modified":"2019-05-17T22:10:42","modified_gmt":"2019-05-18T01:10:42","slug":"com-investimento-de-cerca-de-r-25-mil-reais-saude-entrega-de-orteses-e-proteses-beneficiando-monteirenses","status":"publish","type":"post","link":"https:\/\/www.caririemacao.com\/1\/2019\/05\/17\/com-investimento-de-cerca-de-r-25-mil-reais-saude-entrega-de-orteses-e-proteses-beneficiando-monteirenses\/","title":{"rendered":"Com investimento de cerca de R$ 25 mil reais, Sa\u00fade entrega \u00f3rteses e pr\u00f3teses beneficiando monteirenses"},"content":{"rendered":"\n<p>A Prefeitura Municipal de Monteiro, atrav\u00e9s da Secretaria Municipal de Sa\u00fade, realizou, na manh\u00e3 desta quarta-feira, 15 de maio, no gabinete da prefeita, a entrega de Cadeiras de banho, Cadeiras de rodas , Almofada gel, Muleta axilar e Goteira ortop\u00e9dica.<\/p>\n\n\n\n<figure class=\"wp-block-image\"><img fetchpriority=\"high\" decoding=\"async\" width=\"1024\" height=\"683\" src=\"http:\/\/www.caririemacao.com\/1\/wp-content\/uploads\/2019\/05\/Entrega-de-Orteses-e-proteses04-1024x683.jpg\" alt=\"\" class=\"wp-image-95424\" srcset=\"https:\/\/www.caririemacao.com\/1\/wp-content\/uploads\/2019\/05\/Entrega-de-Orteses-e-proteses04.jpg 1024w, https:\/\/www.caririemacao.com\/1\/wp-content\/uploads\/2019\/05\/Entrega-de-Orteses-e-proteses04-300x200.jpg 300w, https:\/\/www.caririemacao.com\/1\/wp-content\/uploads\/2019\/05\/Entrega-de-Orteses-e-proteses04-768x512.jpg 768w\" sizes=\"(max-width: 1024px) 100vw, 1024px\" \/><\/figure>\n\n\n\n<p>A solenidade de entrega dos aparelhos contou com a presen\u00e7a da prefeita Anna Lorena, do vice-prefeito Celecileno Alves, dos vereadores Caj\u00f3 Menezes, Givalb\u00e9rio Alves, Toinho de Nequinho e Nem de J\u00falia, al\u00e9m da secret\u00e1ria de sa\u00fade, Paula Oliveira.<\/p>\n\n\n\n<p>A a\u00e7\u00e3o de beneficiar monteirenses com os itens, vem sendo realizada desde 2017 com a maior celeridade poss\u00edvel com o objetivo de promover qualidade de vida \u00e0s pessoas que n\u00e3o teriam condi\u00e7\u00e3o de adquirir esses produtos devido ao alto custo.<\/p>\n\n\n\n<figure class=\"wp-block-image\"><img decoding=\"async\" width=\"1024\" height=\"683\" data-src=\"http:\/\/www.caririemacao.com\/1\/wp-content\/uploads\/2019\/05\/Entrega-de-Orteses-e-proteses03-1024x683.jpg\" alt=\"\" class=\"wp-image-95425 lazyload\" data-srcset=\"https:\/\/www.caririemacao.com\/1\/wp-content\/uploads\/2019\/05\/Entrega-de-Orteses-e-proteses03.jpg 1024w, https:\/\/www.caririemacao.com\/1\/wp-content\/uploads\/2019\/05\/Entrega-de-Orteses-e-proteses03-300x200.jpg 300w, https:\/\/www.caririemacao.com\/1\/wp-content\/uploads\/2019\/05\/Entrega-de-Orteses-e-proteses03-768x512.jpg 768w\" data-sizes=\"(max-width: 1024px) 100vw, 1024px\" src=\"data:image\/svg+xml;base64,PHN2ZyB3aWR0aD0iMSIgaGVpZ2h0PSIxIiB4bWxucz0iaHR0cDovL3d3dy53My5vcmcvMjAwMC9zdmciPjwvc3ZnPg==\" style=\"--smush-placeholder-width: 1024px; --smush-placeholder-aspect-ratio: 1024\/683;\" \/><\/figure>\n\n\n\n<p>Anna Lorena declarou que esta a\u00e7\u00e3o se fez necess\u00e1ria e foram empregados esfor\u00e7os imensur\u00e1veis para atender essa demanda da popula\u00e7\u00e3o.<\/p>\n\n\n\n<p>A secret\u00e1ria de Sa\u00fade agradeceu o apoio e o esfor\u00e7o da Administra\u00e7\u00e3o Municipal, que tem buscado sempre o melhor para o munic\u00edpio ajudando a promover a dignidade e bem-estar desses pacientes.<\/p>\n\n\n\n<p>S\u00f3 nesta entrega o investimento foi de R$ 24.460,00 com 25 monteirenses beneficiados. O planejamento \u00e9 que sempre sejam contemplados o m\u00e1ximo de pacientes do munic\u00edpio poss\u00edvel. A iniciativa est\u00e1 dentro das principais preocupa\u00e7\u00f5es da Administra\u00e7\u00e3o Municipal da prefeita Anna Lorena.<\/p>\n\n\n\n<p><strong>Monteiro \u00e9 destaque<\/strong><\/p>\n\n\n\n<p>A Prefeitura Municipal de Monteiro, na administra\u00e7\u00e3o da prefeita Anna Lorena, por meio da Secretaria de Sa\u00fade de Monteiro recebeu o reconhecimento por ser o munic\u00edpio que mais se destacou na entrega de \u00f3rteses, pr\u00f3teses e materiais especiais na Para\u00edba.<\/p>\n\n\n\n<p>Para ser beneficiado com o recebimento das pr\u00f3teses e \u00f3rteses o paciente deve recorrer ao m\u00e9dico, que realiza a solicita\u00e7\u00e3o de acordo com a necessidade. Em seguida \u00e9 necess\u00e1rio fazer o cadastro na Secretaria de Sa\u00fade no Setor de Auditoria. Geralmente o per\u00edodo de atendimento da demanda gira em torno de 60 dias \u00fateis.<\/p>\n","protected":false},"excerpt":{"rendered":"<p>A Prefeitura Municipal de Monteiro, atrav\u00e9s da Secretaria Municipal de Sa\u00fade, realizou, na manh\u00e3 desta quarta-feira, 15 de maio, no gabinete da prefeita, a entrega&hellip; <\/p>\n","protected":false},"author":1,"featured_media":95427,"comment_status":"closed","ping_status":"closed","sticky":false,"template":"","format":"standard","meta":{"sfsi_plus_gutenberg_text_before_share":"","sfsi_plus_gutenberg_show_text_before_share":"","sfsi_plus_gutenberg_icon_type":"","sfsi_plus_gutenberg_icon_alignemt":"","sfsi_plus_gutenburg_max_per_row":"","footnotes":""},"categories":[6,50],"tags":[],"class_list":["post-95423","post","type-post","status-publish","format-standard","has-post-thumbnail","hentry","category-cidades","category-destaque"],"_links":{"self":[{"href":"https:\/\/www.caririemacao.com\/1\/wp-json\/wp\/v2\/posts\/95423","targetHints":{"allow":["GET"]}}],"collection":[{"href":"https:\/\/www.caririemacao.com\/1\/wp-json\/wp\/v2\/posts"}],"about":[{"href":"https:\/\/www.caririemacao.com\/1\/wp-json\/wp\/v2\/types\/post"}],"author":[{"embeddable":true,"href":"https:\/\/www.caririemacao.com\/1\/wp-json\/wp\/v2\/users\/1"}],"replies":[{"embeddable":true,"href":"https:\/\/www.caririemacao.com\/1\/wp-json\/wp\/v2\/comments?post=95423"}],"version-history":[{"count":5,"href":"https:\/\/www.caririemacao.com\/1\/wp-json\/wp\/v2\/posts\/95423\/revisions"}],"predecessor-version":[{"id":95535,"href":"https:\/\/www.caririemacao.com\/1\/wp-json\/wp\/v2\/posts\/95423\/revisions\/95535"}],"wp:featuredmedia":[{"embeddable":true,"href":"https:\/\/www.caririemacao.com\/1\/wp-json\/wp\/v2\/media\/95427"}],"wp:attachment":[{"href":"https:\/\/www.caririemacao.com\/1\/wp-json\/wp\/v2\/media?parent=95423"}],"wp:term":[{"taxonomy":"category","embeddable":true,"href":"https:\/\/www.caririemacao.com\/1\/wp-json\/wp\/v2\/categories?post=95423"},{"taxonomy":"post_tag","embeddable":true,"href":"https:\/\/www.caririemacao.com\/1\/wp-json\/wp\/v2\/tags?post=95423"}],"curies":[{"name":"wp","href":"https:\/\/api.w.org\/{rel}","templated":true}]}}