{"id":95440,"date":"2019-05-17T13:45:05","date_gmt":"2019-05-17T16:45:05","guid":{"rendered":"http:\/\/www.caririemacao.com\/1\/?p=95440"},"modified":"2019-05-17T13:45:05","modified_gmt":"2019-05-17T16:45:05","slug":"6-anos-de-mandato-eleicoes-para-prefeitos-e-vereador-podem-ser-adiadas-para-2022","status":"publish","type":"post","link":"https:\/\/www.caririemacao.com\/1\/2019\/05\/17\/6-anos-de-mandato-eleicoes-para-prefeitos-e-vereador-podem-ser-adiadas-para-2022\/","title":{"rendered":"6 ANOS DE MANDATO! Elei\u00e7\u00f5es para prefeitos e vereador podem ser adiadas para 2022"},"content":{"rendered":"\n<p>Uma Proposta de Emenda \u00e0 Constitui\u00e7\u00e3o (PEC) pode prorrogar os mandatos dos atuais prefeitos e vereadores de todo o pa\u00eds, que est\u00e3o previstos para serem conclu\u00eddos no ano que vem, at\u00e9 2022. Apresentada durante a Marcha dos Prefeitos na \u00faltima semana, em Bras\u00edlia, pelo deputado federal Rog\u00e9rio Peninha (MDB-PR), a PEC foi protocolada na C\u00e2mara dos Deputados na \u00faltima quinta-feira (12).<\/p>\n\n\n\n<p>Como justificativa, o parlamentar tamb\u00e9m cita a \u201ceconomia significativa de recursos p\u00fablicos\u201d, mas argumenta ainda que \u201c\u00e9 preciso considerar o momento delicado que o pa\u00eds atravessa\u201d. \u201cCom a supress\u00e3o do pleito eleitoral de 2020, a classe pol\u00edtica, livre dos encargos inerentes \u00e0s campanhas eleitorais, poder\u00e1 concentrar-se nas reformas de que a Rep\u00fablica tanto precisa\u201d.<\/p>\n\n\n\n<p>De acordo com informa\u00e7\u00f5es, as federa\u00e7\u00f5es de munic\u00edpios de todos os estados est\u00e3o trabalhando para que haja a aprova\u00e7\u00e3o da PEC. \u201cO sistema atual \u00e9 extremamente caro para o pa\u00eds. Cada elei\u00e7\u00e3o custa em m\u00e9dia quase um bilh\u00e3o de reais e tendo elei\u00e7\u00f5es de dois em dois anos sai duas vezes esse custo. Por isso a necessidade da mudan\u00e7a para a unifica\u00e7\u00e3o das elei\u00e7\u00f5es.<\/p>\n","protected":false},"excerpt":{"rendered":"<p>Uma Proposta de Emenda \u00e0 Constitui\u00e7\u00e3o (PEC) pode prorrogar os mandatos dos atuais prefeitos e vereadores de todo o pa\u00eds, que est\u00e3o previstos para serem&hellip; <\/p>\n","protected":false},"author":1,"featured_media":83453,"comment_status":"closed","ping_status":"closed","sticky":false,"template":"","format":"standard","meta":{"sfsi_plus_gutenberg_text_before_share":"","sfsi_plus_gutenberg_show_text_before_share":"","sfsi_plus_gutenberg_icon_type":"","sfsi_plus_gutenberg_icon_alignemt":"","sfsi_plus_gutenburg_max_per_row":"","footnotes":""},"categories":[6,50],"tags":[],"class_list":["post-95440","post","type-post","status-publish","format-standard","has-post-thumbnail","hentry","category-cidades","category-destaque"],"_links":{"self":[{"href":"https:\/\/www.caririemacao.com\/1\/wp-json\/wp\/v2\/posts\/95440","targetHints":{"allow":["GET"]}}],"collection":[{"href":"https:\/\/www.caririemacao.com\/1\/wp-json\/wp\/v2\/posts"}],"about":[{"href":"https:\/\/www.caririemacao.com\/1\/wp-json\/wp\/v2\/types\/post"}],"author":[{"embeddable":true,"href":"https:\/\/www.caririemacao.com\/1\/wp-json\/wp\/v2\/users\/1"}],"replies":[{"embeddable":true,"href":"https:\/\/www.caririemacao.com\/1\/wp-json\/wp\/v2\/comments?post=95440"}],"version-history":[{"count":1,"href":"https:\/\/www.caririemacao.com\/1\/wp-json\/wp\/v2\/posts\/95440\/revisions"}],"predecessor-version":[{"id":95441,"href":"https:\/\/www.caririemacao.com\/1\/wp-json\/wp\/v2\/posts\/95440\/revisions\/95441"}],"wp:featuredmedia":[{"embeddable":true,"href":"https:\/\/www.caririemacao.com\/1\/wp-json\/wp\/v2\/media\/83453"}],"wp:attachment":[{"href":"https:\/\/www.caririemacao.com\/1\/wp-json\/wp\/v2\/media?parent=95440"}],"wp:term":[{"taxonomy":"category","embeddable":true,"href":"https:\/\/www.caririemacao.com\/1\/wp-json\/wp\/v2\/categories?post=95440"},{"taxonomy":"post_tag","embeddable":true,"href":"https:\/\/www.caririemacao.com\/1\/wp-json\/wp\/v2\/tags?post=95440"}],"curies":[{"name":"wp","href":"https:\/\/api.w.org\/{rel}","templated":true}]}}