{"id":95444,"date":"2019-05-17T13:53:04","date_gmt":"2019-05-17T16:53:04","guid":{"rendered":"http:\/\/www.caririemacao.com\/1\/?p=95444"},"modified":"2019-05-17T13:53:04","modified_gmt":"2019-05-17T16:53:04","slug":"sume-recebeu-nesta-quinta-feira-capacitacao-do-programa-garantia-safra","status":"publish","type":"post","link":"https:\/\/www.caririemacao.com\/1\/2019\/05\/17\/sume-recebeu-nesta-quinta-feira-capacitacao-do-programa-garantia-safra\/","title":{"rendered":"Sum\u00e9 recebeu nesta quinta-feira capacita\u00e7\u00e3o do Programa Garantia-Safra"},"content":{"rendered":"\n<p><br><\/p>\n\n\n\n<p>O ciclo de capacita\u00e7\u00f5es destinadas a t\u00e9cnicos e vistoriadores relacionados ao programa&nbsp;Garantia-Safra&nbsp;foi realizado no munic\u00edpio de Sum\u00e9, nesta-quinta-feira (16). A reuni\u00e3o aconteceu no pr\u00e9dio da C\u00e2mara de Vereadores.<\/p>\n\n\n\n<p>A a\u00e7\u00e3o \u00e9 uma iniciativa do Governo da Para\u00edba, por meio da Secretaria de Agricultura Familiar e do Desenvolvimento do Semi\u00e1rido (Seafds) com o objetivo de capacitar t\u00e9cnicos e vistoriadores de cada munic\u00edpio, auxiliando no monitoramento de perdas nas lavouras de agricultores paraibanos.<\/p>\n\n\n\n<p>Nesse ciclo, al\u00e9m de Sum\u00e9, foram capacitados os agentes do Territ\u00f3rio Cariri Ocidental que abrange: Amparo, Assun\u00e7\u00e3o, Camala\u00fa, Congo, Coxixola, Livramento, Monteiro, Ouro Velho, Parari, Prata, S\u00e3o Jo\u00e3o do Tigre, S\u00e3o Jos\u00e9 dos Cordeiros, S\u00e3o Sebasti\u00e3o do Umbuzeiro, Serra Branca, Tapero\u00e1 e Zabel\u00ea.<\/p>\n\n\n\n<p>O&nbsp;Garantia&nbsp;Safra&nbsp;\u00e9 um benef\u00edcio destinado a agricultores que tiverem, no m\u00ednimo, 50% da perda das lavouras de feij\u00e3o, milho, arroz, mandioca e algod\u00e3o e, para receber o valor, \u00e9 preciso atestar esse preju\u00edzo com uma s\u00e9rie de laudos e atestados.<br><br>O p\u00fablico-alvo das capacita\u00e7\u00f5es s\u00e3o prefeitos, secret\u00e1rios e respons\u00e1veis municipais pelo&nbsp;Garantia-Safra, t\u00e9cnicos municipais e da Empaer, presidentes dos Conselhos Municipais do Desenvolvimento Rural Sustent\u00e1vel (CMDRS) e demais interessados em conhecer os procedimentos do&nbsp;Garantia-Safra.<\/p>\n\n\n\n<p>Ap\u00f3s o t\u00e9rmino das capacita\u00e7\u00f5es, a ideia \u00e9 que todos os t\u00e9cnicos estar\u00e3o aptos a acompanhar e vistoriar o processo de perdas das lavouras dos agricultores.&nbsp;<br><br>Na&nbsp;safra&nbsp;2018\/2019, mais de 69 mil fam\u00edlias agricultoras paraibanas aderiram ao programa, o que gerou um aporte do Governo da Para\u00edba como contrapartida para o fundo&nbsp;Garantia-Safra, no total de R$ 7.093.590,00 (sete milh\u00f5es, noventa e tr\u00eas mil e quinhentos e noventa reais). Ao todo, s\u00e3o 103 munic\u00edpios da regi\u00e3o 1 e 72 munic\u00edpios da regi\u00e3o 2 contemplados pelo programa. \u201cN\u00f3s daremos condi\u00e7\u00f5es para que os t\u00e9cnicos percorram o estado com as capacita\u00e7\u00f5es e \u00e9 interessante a participa\u00e7\u00e3o dos gestores nos munic\u00edpios para conhecerem a import\u00e2ncia do programa. Ele garante condi\u00e7\u00f5es m\u00ednimas, mas \u00e9 necess\u00e1rio. Os agricultores sofrem muito com a perda das suas lavouras e o governo chega para dar um suporte\u201d, afirmou o secret\u00e1rio de Agricultura Familiar, Luiz Couto.<br><br>De acordo com o coordenador estadual do&nbsp;Garantia-Safra, Alessandro Silva, os munic\u00edpios com agricultores que aderiram ao programa na&nbsp;safra&nbsp;2017\/2018 que ainda n\u00e3o obtiveram respostas precisam aguardar mais um pouco, j\u00e1 que as solicita\u00e7\u00f5es est\u00e3o em processo de an\u00e1lise. \u201cEssa an\u00e1lise \u00e9 realizada pela Coordena\u00e7\u00e3o Nacional do Programa em Bras\u00edlia e est\u00e1 ocorrendo um atraso para a conclus\u00e3o das perdas devido \u00e0 demora no processamento dos dados para compara\u00e7\u00e3o com os laudos. Portanto, no momento, estes agricultores devem aguardar a conclus\u00e3o e divulga\u00e7\u00e3o dos resultados por parte do governo federal. Esses pontos tamb\u00e9m ser\u00e3o tratados durante as capacita\u00e7\u00f5es\u201d, pontuou.<br><br>Para o Garantia-Safra 2018\/2019, foram inscritos 540 agricultores do munic\u00edpio de Sum\u00e9. Cada agricultor pagou a quantia de R$ 17,00 e a Prefeitura pagou por cada agricultor R$ 51,00, estando em dia com o aporte do Programa. A Prefeitura j\u00e1 garantiu o pagamento de quatro parcelas, de um total de seis, de R$ 4.590,00, gerando uma contra-partida no valor total de R$ 27.540,00.<\/p>\n\n\n\n<p>O&nbsp;Garantia-Safra&nbsp;\u00e9 uma a\u00e7\u00e3o do Programa Nacional de Fortalecimento da Agricultura Familiar (Pronaf), inicialmente voltada para os agricultores familiares que vivem no Nordeste do Brasil e no norte dos estados de Minas Gerais e Esp\u00edrito Santo. A regi\u00e3o \u00e9 a \u00e1rea de atua\u00e7\u00e3o da Superintend\u00eancia do Desenvolvimento do Nordeste (Sudene), com clima majoritariamente semi\u00e1rido, que sofre perda sistem\u00e1tica de&nbsp;safra&nbsp;por motivo de seca ou excesso de chuvas.&nbsp;<\/p>\n\n\n\n<p><em>Com informa\u00e7\u00f5es de Secom PB<\/em><\/p>\n","protected":false},"excerpt":{"rendered":"<p>O ciclo de capacita\u00e7\u00f5es destinadas a t\u00e9cnicos e vistoriadores relacionados ao programa&nbsp;Garantia-Safra&nbsp;foi realizado no munic\u00edpio de Sum\u00e9, nesta-quinta-feira (16). A reuni\u00e3o aconteceu no pr\u00e9dio da&hellip; <\/p>\n","protected":false},"author":1,"featured_media":95445,"comment_status":"closed","ping_status":"closed","sticky":false,"template":"","format":"standard","meta":{"sfsi_plus_gutenberg_text_before_share":"","sfsi_plus_gutenberg_show_text_before_share":"","sfsi_plus_gutenberg_icon_type":"","sfsi_plus_gutenberg_icon_alignemt":"","sfsi_plus_gutenburg_max_per_row":"","footnotes":""},"categories":[2],"tags":[],"class_list":["post-95444","post","type-post","status-publish","format-standard","has-post-thumbnail","hentry","category-geral"],"_links":{"self":[{"href":"https:\/\/www.caririemacao.com\/1\/wp-json\/wp\/v2\/posts\/95444","targetHints":{"allow":["GET"]}}],"collection":[{"href":"https:\/\/www.caririemacao.com\/1\/wp-json\/wp\/v2\/posts"}],"about":[{"href":"https:\/\/www.caririemacao.com\/1\/wp-json\/wp\/v2\/types\/post"}],"author":[{"embeddable":true,"href":"https:\/\/www.caririemacao.com\/1\/wp-json\/wp\/v2\/users\/1"}],"replies":[{"embeddable":true,"href":"https:\/\/www.caririemacao.com\/1\/wp-json\/wp\/v2\/comments?post=95444"}],"version-history":[{"count":1,"href":"https:\/\/www.caririemacao.com\/1\/wp-json\/wp\/v2\/posts\/95444\/revisions"}],"predecessor-version":[{"id":95446,"href":"https:\/\/www.caririemacao.com\/1\/wp-json\/wp\/v2\/posts\/95444\/revisions\/95446"}],"wp:featuredmedia":[{"embeddable":true,"href":"https:\/\/www.caririemacao.com\/1\/wp-json\/wp\/v2\/media\/95445"}],"wp:attachment":[{"href":"https:\/\/www.caririemacao.com\/1\/wp-json\/wp\/v2\/media?parent=95444"}],"wp:term":[{"taxonomy":"category","embeddable":true,"href":"https:\/\/www.caririemacao.com\/1\/wp-json\/wp\/v2\/categories?post=95444"},{"taxonomy":"post_tag","embeddable":true,"href":"https:\/\/www.caririemacao.com\/1\/wp-json\/wp\/v2\/tags?post=95444"}],"curies":[{"name":"wp","href":"https:\/\/api.w.org\/{rel}","templated":true}]}}