{"id":95452,"date":"2019-05-17T13:57:44","date_gmt":"2019-05-17T16:57:44","guid":{"rendered":"http:\/\/www.caririemacao.com\/1\/?p=95452"},"modified":"2019-05-17T13:57:44","modified_gmt":"2019-05-17T16:57:44","slug":"aluna-e-presa-suspeita-de-tenta-esfaquear-supervisora-em-escola-no-sertao-da-paraiba","status":"publish","type":"post","link":"https:\/\/www.caririemacao.com\/1\/2019\/05\/17\/aluna-e-presa-suspeita-de-tenta-esfaquear-supervisora-em-escola-no-sertao-da-paraiba\/","title":{"rendered":"Aluna \u00e9 presa suspeita de tenta esfaquear supervisora em escola no Sert\u00e3o da Para\u00edba"},"content":{"rendered":"\n<p>Uma jovem de 18 anos foi presa em Riacho dos Cavalos, no Sert\u00e3o paraibano, suspeita de tentar atingir com golpes de faca uma supervisora da Escola Municipal Maria Carneiro. O fato aconteceu nessa quinta-feira (16).<\/p>\n\n\n\n<p>A Pol\u00edcia Militar foi acionada sob a den\u00fancia de agress\u00e3o na escola. A jovem foi flagrada pelos policiais militares com uma faca.<\/p>\n\n\n\n<p>Os estudantes da unidade afirmaram \u00e0 PM que a menina puxou a supervisora pelos cabelos e a derrubou no ch\u00e3o e, em seguida, saiu da escola e voltou armada com uma faca. Depois, ela foi at\u00e9 a sala da diretoria para tentar esfaquear a funcion\u00e1ria.<\/p>\n\n\n\n<p>A jovem foi presa e encaminhada \u00e0 delegacia de Catol\u00e9 do Rocha.<\/p>\n","protected":false},"excerpt":{"rendered":"<p>Uma jovem de 18 anos foi presa em Riacho dos Cavalos, no Sert\u00e3o paraibano, suspeita de tentar atingir com golpes de faca uma supervisora da&hellip; <\/p>\n","protected":false},"author":1,"featured_media":89837,"comment_status":"closed","ping_status":"closed","sticky":false,"template":"","format":"standard","meta":{"sfsi_plus_gutenberg_text_before_share":"","sfsi_plus_gutenberg_show_text_before_share":"","sfsi_plus_gutenberg_icon_type":"","sfsi_plus_gutenberg_icon_alignemt":"","sfsi_plus_gutenburg_max_per_row":"","footnotes":""},"categories":[50,12],"tags":[],"class_list":["post-95452","post","type-post","status-publish","format-standard","has-post-thumbnail","hentry","category-destaque","category-policia"],"_links":{"self":[{"href":"https:\/\/www.caririemacao.com\/1\/wp-json\/wp\/v2\/posts\/95452","targetHints":{"allow":["GET"]}}],"collection":[{"href":"https:\/\/www.caririemacao.com\/1\/wp-json\/wp\/v2\/posts"}],"about":[{"href":"https:\/\/www.caririemacao.com\/1\/wp-json\/wp\/v2\/types\/post"}],"author":[{"embeddable":true,"href":"https:\/\/www.caririemacao.com\/1\/wp-json\/wp\/v2\/users\/1"}],"replies":[{"embeddable":true,"href":"https:\/\/www.caririemacao.com\/1\/wp-json\/wp\/v2\/comments?post=95452"}],"version-history":[{"count":1,"href":"https:\/\/www.caririemacao.com\/1\/wp-json\/wp\/v2\/posts\/95452\/revisions"}],"predecessor-version":[{"id":95453,"href":"https:\/\/www.caririemacao.com\/1\/wp-json\/wp\/v2\/posts\/95452\/revisions\/95453"}],"wp:featuredmedia":[{"embeddable":true,"href":"https:\/\/www.caririemacao.com\/1\/wp-json\/wp\/v2\/media\/89837"}],"wp:attachment":[{"href":"https:\/\/www.caririemacao.com\/1\/wp-json\/wp\/v2\/media?parent=95452"}],"wp:term":[{"taxonomy":"category","embeddable":true,"href":"https:\/\/www.caririemacao.com\/1\/wp-json\/wp\/v2\/categories?post=95452"},{"taxonomy":"post_tag","embeddable":true,"href":"https:\/\/www.caririemacao.com\/1\/wp-json\/wp\/v2\/tags?post=95452"}],"curies":[{"name":"wp","href":"https:\/\/api.w.org\/{rel}","templated":true}]}}