{"id":95455,"date":"2019-05-17T13:59:18","date_gmt":"2019-05-17T16:59:18","guid":{"rendered":"http:\/\/www.caririemacao.com\/1\/?p=95455"},"modified":"2019-05-17T13:59:18","modified_gmt":"2019-05-17T16:59:18","slug":"tite-convoca-brasil-para-copa-america-com-david-neres-e-sem-vinicius-jr","status":"publish","type":"post","link":"https:\/\/www.caririemacao.com\/1\/2019\/05\/17\/tite-convoca-brasil-para-copa-america-com-david-neres-e-sem-vinicius-jr\/","title":{"rendered":"Tite convoca Brasil para Copa Am\u00e9rica com David Neres e sem Vinicius Jr."},"content":{"rendered":"\n<p>&nbsp;Tite anunciou nesta sexta-feira (17) a lista de 23 jogadores da sele\u00e7\u00e3o brasileira para a disputa da Copa Am\u00e9rica. David Neres, do Ajax, foi confirmado para a competi\u00e7\u00e3o, assim como Fernandinho, do Manchester City. Vinicius J\u00fanior, do Real Madrid, ficou fora. Fabinho, do Liverpool, vivia a esperan\u00e7a de ser chamado, mas n\u00e3o entrou na rela\u00e7\u00e3o.<\/p>\n\n\n\n<p>&#8220;Foi a lista mais dif\u00edcil que eu tive at\u00e9 hoje para fechar. N\u00e3o dormi. S\u00e3o oportunidades para atletas jovens, emergentes, com alguns atletas que j\u00e1 participaram e tem um &#8216;know-how&#8217;. Esses oito amistosos at\u00e9 aqui nos levaram at\u00e9 a lista&#8221;, afirmou.<\/p>\n\n\n\n<p>A sele\u00e7\u00e3o brasileira come\u00e7a a se reunir no pr\u00f3ximo dia 22, na Granja Comary, em Teres\u00f3polis, mas alguns atletas se apresentar\u00e3o depois por conta do calend\u00e1rio de seus respectivos times. Os atletas que est\u00e3o na final da Liga dos Campe\u00f5es, por exemplo, jogam a decis\u00e3o na Espanha no dia 1\u00ba de junho.<\/p>\n\n\n\n<p>Antes da estreia na competi\u00e7\u00e3o, o Brasil faz amistoso no dia 5 de junho, em Bras\u00edlia, contra o Qatar, e outro no dia 9, contra Honduras, em Porto Alegre. O primeiro jogo da fase de grupos da Copa Am\u00e9rica est\u00e1 marcado para o dia 14, em S\u00e3o Paulo, contra a Bol\u00edvia. Venezuela e Peru s\u00e3o os outros dois advers\u00e1rios.<\/p>\n\n\n\n<p><strong>Veja a lista de convocados:<\/strong><\/p>\n\n\n\n<p><strong>Goleiros<\/strong><\/p>\n\n\n\n<p>Alisson (Liverpool)<br>Ederson ((Manchester City)<br>C\u00e1ssio (Corinthians)<\/p>\n\n\n\n<p><strong>Laterais<\/strong><\/p>\n\n\n\n<p>Daniel Alves (PSG)<br>Fagner (Corinthians)<br>Alex Sandro (Juventus)<br>Filipe Lu\u00eds (Atl\u00e9tico de Madri)<\/p>\n\n\n\n<p><strong>Zagueiros<\/strong><\/p>\n\n\n\n<p>Thiago Silva (PSG)<br>Marquinhos (PSG)<br>Miranda (Inter de Mil\u00e3o)<br>\u00c9der Milit\u00e3o (Porto)<\/p>\n\n\n\n<p><strong>Meio-campistas<\/strong><\/p>\n\n\n\n<p>Casemiro (Real Madrid)<br>Fernandinho (Manchester City)<br>Arthur (Barcelona)<br>Allan (Napoli)<br>Lucas Paquet\u00e1 (Milan)<br>Philippe Coutinho (Barcelona)<\/p>\n\n\n\n<p><strong>Atacantes<\/strong><\/p>\n\n\n\n<p>Richarlison (Everton)<br>Gabriel Jesus (Manchester City)<br>Roberto Firmino (Liverpool)<br>David Neres (Ajax)<br>Neymar (PSG)<br>Everton (Gr\u00eamio)<\/p>\n","protected":false},"excerpt":{"rendered":"<p>&nbsp;Tite anunciou nesta sexta-feira (17) a lista de 23 jogadores da sele\u00e7\u00e3o brasileira para a disputa da Copa Am\u00e9rica. David Neres, do Ajax, foi confirmado&hellip; <\/p>\n","protected":false},"author":1,"featured_media":95456,"comment_status":"closed","ping_status":"closed","sticky":false,"template":"","format":"standard","meta":{"sfsi_plus_gutenberg_text_before_share":"","sfsi_plus_gutenberg_show_text_before_share":"","sfsi_plus_gutenberg_icon_type":"","sfsi_plus_gutenberg_icon_alignemt":"","sfsi_plus_gutenburg_max_per_row":"","footnotes":""},"categories":[13],"tags":[],"class_list":["post-95455","post","type-post","status-publish","format-standard","has-post-thumbnail","hentry","category-esportes"],"_links":{"self":[{"href":"https:\/\/www.caririemacao.com\/1\/wp-json\/wp\/v2\/posts\/95455","targetHints":{"allow":["GET"]}}],"collection":[{"href":"https:\/\/www.caririemacao.com\/1\/wp-json\/wp\/v2\/posts"}],"about":[{"href":"https:\/\/www.caririemacao.com\/1\/wp-json\/wp\/v2\/types\/post"}],"author":[{"embeddable":true,"href":"https:\/\/www.caririemacao.com\/1\/wp-json\/wp\/v2\/users\/1"}],"replies":[{"embeddable":true,"href":"https:\/\/www.caririemacao.com\/1\/wp-json\/wp\/v2\/comments?post=95455"}],"version-history":[{"count":1,"href":"https:\/\/www.caririemacao.com\/1\/wp-json\/wp\/v2\/posts\/95455\/revisions"}],"predecessor-version":[{"id":95457,"href":"https:\/\/www.caririemacao.com\/1\/wp-json\/wp\/v2\/posts\/95455\/revisions\/95457"}],"wp:featuredmedia":[{"embeddable":true,"href":"https:\/\/www.caririemacao.com\/1\/wp-json\/wp\/v2\/media\/95456"}],"wp:attachment":[{"href":"https:\/\/www.caririemacao.com\/1\/wp-json\/wp\/v2\/media?parent=95455"}],"wp:term":[{"taxonomy":"category","embeddable":true,"href":"https:\/\/www.caririemacao.com\/1\/wp-json\/wp\/v2\/categories?post=95455"},{"taxonomy":"post_tag","embeddable":true,"href":"https:\/\/www.caririemacao.com\/1\/wp-json\/wp\/v2\/tags?post=95455"}],"curies":[{"name":"wp","href":"https:\/\/api.w.org\/{rel}","templated":true}]}}