{"id":95464,"date":"2019-05-17T14:04:24","date_gmt":"2019-05-17T17:04:24","guid":{"rendered":"http:\/\/www.caririemacao.com\/1\/?p=95464"},"modified":"2019-05-17T14:04:24","modified_gmt":"2019-05-17T17:04:24","slug":"creas-de-sume-celebra-dia-internacional-contra-a-homofobia","status":"publish","type":"post","link":"https:\/\/www.caririemacao.com\/1\/2019\/05\/17\/creas-de-sume-celebra-dia-internacional-contra-a-homofobia\/","title":{"rendered":"Creas de Sum\u00e9 celebra Dia Internacional contra a Homofobia"},"content":{"rendered":"\n<p>A Secretaria de Assist\u00eancia Social e o Creas realizaram nesta sexta-feira (17), um movimento na Pra\u00e7a Jos\u00e9 Am\u00e9rico, em alus\u00e3o ao Dia Internacional Contra a Homofobia. No Brasil, esta data est\u00e1 inclu\u00edda no calend\u00e1rio oficial do pa\u00eds desde 2010.<\/p>\n\n\n\n<p>Estiveram presentes o prefeito \u00c9den Duarte, a secret\u00e1ria de Assist\u00eancia Social Tanniery L\u00eala, equipe do Creas, a secret\u00e1ria de Sa\u00fade, Alessandra Regina, assessores do governo, estudantes e professores.<\/p>\n\n\n\n<div class=\"wp-block-image\"><figure class=\"alignright\"><a href=\"http:\/\/www.sume.pb.gov.br\/wp-content\/uploads\/2019\/05\/DSC_0940.jpg\"><img decoding=\"async\" data-src=\"http:\/\/www.sume.pb.gov.br\/wp-content\/uploads\/2019\/05\/DSC_0940-300x200.jpg\" alt=\"\" class=\"wp-image-7843 lazyload\" src=\"data:image\/svg+xml;base64,PHN2ZyB3aWR0aD0iMSIgaGVpZ2h0PSIxIiB4bWxucz0iaHR0cDovL3d3dy53My5vcmcvMjAwMC9zdmciPjwvc3ZnPg==\" style=\"--smush-placeholder-width: 300px; --smush-placeholder-aspect-ratio: 300\/200;\" \/><\/a><\/figure><\/div>\n\n\n\n<p>Tamb\u00e9m conhecido como \u201cDia Internacional de Luta Contra a Homofobia, Bifobia e Transfobia\u201d, esta data visa conscientizar a popula\u00e7\u00e3o em geral sobre a luta contra a discrimina\u00e7\u00e3o dos homossexuais, transexuais e transg\u00eaneros.&nbsp;<\/p>\n\n\n\n<p>A homofobia consiste no \u00f3dio e repulsa por homossexuais, atitude esta que deve ser combatida.<\/p>\n\n\n\n<p>Ainda existe um grande preconceito contra os homossexuais na maioria das sociedades que, infelizmente, se reflete em atos desumanos de viol\u00eancia extrema contra esses indiv\u00edduos.<\/p>\n\n\n\n<p>Nesta data, s\u00e3o organizadas diversas atividades que promovem e apoiam a igualdade de direitos dos homossexuais e demais pessoas que se encaixam na comunidade LGBT.<\/p>\n\n\n\n<div class=\"wp-block-image\"><figure class=\"alignleft\"><a href=\"http:\/\/www.sume.pb.gov.br\/wp-content\/uploads\/2019\/05\/DSC_0954.jpg\"><img decoding=\"async\" data-src=\"http:\/\/www.sume.pb.gov.br\/wp-content\/uploads\/2019\/05\/DSC_0954-300x200.jpg\" alt=\"\" class=\"wp-image-7844 lazyload\" src=\"data:image\/svg+xml;base64,PHN2ZyB3aWR0aD0iMSIgaGVpZ2h0PSIxIiB4bWxucz0iaHR0cDovL3d3dy53My5vcmcvMjAwMC9zdmciPjwvc3ZnPg==\" style=\"--smush-placeholder-width: 300px; --smush-placeholder-aspect-ratio: 300\/200;\" \/><\/a><\/figure><\/div>\n\n\n\n<p>Vale ressaltar que o objetivo desta data \u00e9 debater os mais variados tipos de preconceitos contra as diferentes orienta\u00e7\u00f5es sexuais e identidades de g\u00eanero, al\u00e9m de gerar o desenvolvimento de uma conscientiza\u00e7\u00e3o civil sobre a import\u00e2ncia da criminaliza\u00e7\u00e3o da homofobia.<\/p>\n\n\n\n<p>Ascom<\/p>\n","protected":false},"excerpt":{"rendered":"<p>A Secretaria de Assist\u00eancia Social e o Creas realizaram nesta sexta-feira (17), um movimento na Pra\u00e7a Jos\u00e9 Am\u00e9rico, em alus\u00e3o ao Dia Internacional Contra a&hellip; <\/p>\n","protected":false},"author":1,"featured_media":95465,"comment_status":"closed","ping_status":"closed","sticky":false,"template":"","format":"standard","meta":{"sfsi_plus_gutenberg_text_before_share":"","sfsi_plus_gutenberg_show_text_before_share":"","sfsi_plus_gutenberg_icon_type":"","sfsi_plus_gutenberg_icon_alignemt":"","sfsi_plus_gutenburg_max_per_row":"","footnotes":""},"categories":[2],"tags":[],"class_list":["post-95464","post","type-post","status-publish","format-standard","has-post-thumbnail","hentry","category-geral"],"_links":{"self":[{"href":"https:\/\/www.caririemacao.com\/1\/wp-json\/wp\/v2\/posts\/95464","targetHints":{"allow":["GET"]}}],"collection":[{"href":"https:\/\/www.caririemacao.com\/1\/wp-json\/wp\/v2\/posts"}],"about":[{"href":"https:\/\/www.caririemacao.com\/1\/wp-json\/wp\/v2\/types\/post"}],"author":[{"embeddable":true,"href":"https:\/\/www.caririemacao.com\/1\/wp-json\/wp\/v2\/users\/1"}],"replies":[{"embeddable":true,"href":"https:\/\/www.caririemacao.com\/1\/wp-json\/wp\/v2\/comments?post=95464"}],"version-history":[{"count":1,"href":"https:\/\/www.caririemacao.com\/1\/wp-json\/wp\/v2\/posts\/95464\/revisions"}],"predecessor-version":[{"id":95466,"href":"https:\/\/www.caririemacao.com\/1\/wp-json\/wp\/v2\/posts\/95464\/revisions\/95466"}],"wp:featuredmedia":[{"embeddable":true,"href":"https:\/\/www.caririemacao.com\/1\/wp-json\/wp\/v2\/media\/95465"}],"wp:attachment":[{"href":"https:\/\/www.caririemacao.com\/1\/wp-json\/wp\/v2\/media?parent=95464"}],"wp:term":[{"taxonomy":"category","embeddable":true,"href":"https:\/\/www.caririemacao.com\/1\/wp-json\/wp\/v2\/categories?post=95464"},{"taxonomy":"post_tag","embeddable":true,"href":"https:\/\/www.caririemacao.com\/1\/wp-json\/wp\/v2\/tags?post=95464"}],"curies":[{"name":"wp","href":"https:\/\/api.w.org\/{rel}","templated":true}]}}