{"id":95469,"date":"2019-05-17T14:05:51","date_gmt":"2019-05-17T17:05:51","guid":{"rendered":"http:\/\/www.caririemacao.com\/1\/?p=95469"},"modified":"2019-05-17T14:05:51","modified_gmt":"2019-05-17T17:05:51","slug":"governador-autoriza-realizacao-de-concurso-com-400-vagas-na-paraiba","status":"publish","type":"post","link":"https:\/\/www.caririemacao.com\/1\/2019\/05\/17\/governador-autoriza-realizacao-de-concurso-com-400-vagas-na-paraiba\/","title":{"rendered":"Governador autoriza realiza\u00e7\u00e3o de concurso com 400 vagas na Para\u00edba"},"content":{"rendered":"\n<p><br>O governador Jo\u00e3o Azev\u00eado lan\u00e7a oficialmente e autoriza, na segunda-feira (20), \u00e0s 10h, no Pal\u00e1cio da Reden\u00e7\u00e3o, a realiza\u00e7\u00e3o do concurso p\u00fablico com 400 vagas para agentes socioeducativos da Funda\u00e7\u00e3o Desenvolvimento da Crian\u00e7a e do Adolescente \u201cAlice de Almeida\u201d (Fundac).<\/p>\n\n\n\n<figure class=\"wp-block-image\"><img decoding=\"async\" data-src=\"https:\/\/paraibaonline.com.br\/wp-content\/uploads\/2018\/01\/concurso.jpg\" alt=\"\" class=\"wp-image-240304 lazyload\" src=\"data:image\/svg+xml;base64,PHN2ZyB3aWR0aD0iMSIgaGVpZ2h0PSIxIiB4bWxucz0iaHR0cDovL3d3dy53My5vcmcvMjAwMC9zdmciPjwvc3ZnPg==\" \/><\/figure>\n\n\n\n<p>Foto: Reprodu\u00e7\u00e3o<\/p>\n\n\n\n<p>Atualmente, j\u00e1 est\u00e1 em andamento o concurso para a Educa\u00e7\u00e3o com a oferta de mil vagas. As inscri\u00e7\u00f5es come\u00e7aram no dia 24 de abril e v\u00e3o at\u00e9 dia 6 de junho e podem ser realizadas via internet ou presencialmente. Pela internet est\u00e3o dispon\u00edveis at\u00e9 as 23h59 do dia 06\/06\/2019, no endere\u00e7o eletr\u00f4nico do Instituto AOCP&nbsp;<a href=\"https:\/\/paraiba.us20.list-manage.com\/track\/click?u=63cd2f513d25ab116c25e0753&amp;id=45c1c58839&amp;e=9cfe509c15\" target=\"_blank\" rel=\"noreferrer noopener\">www.institutoaocp.org.br<\/a><\/p>\n\n\n\n<p>O governador Jo\u00e3o Azev\u00eado j\u00e1 adiantou que tamb\u00e9m ser\u00e3o realizados concursos para o cargo de procurador do Estado, com atua\u00e7\u00e3o na Procuradoria-Geral do Estado (PGE-PB), com cerca de 30 vagas, e para engenheiros com atua\u00e7\u00e3o na \u00e1rea h\u00eddrica, com lota\u00e7\u00e3o na Ag\u00eancia Executiva das \u00c1guas (Aesa).<\/p>\n","protected":false},"excerpt":{"rendered":"<p>O governador Jo\u00e3o Azev\u00eado lan\u00e7a oficialmente e autoriza, na segunda-feira (20), \u00e0s 10h, no Pal\u00e1cio da Reden\u00e7\u00e3o, a realiza\u00e7\u00e3o do concurso p\u00fablico com 400 vagas&hellip; <\/p>\n","protected":false},"author":1,"featured_media":93893,"comment_status":"closed","ping_status":"closed","sticky":false,"template":"","format":"standard","meta":{"sfsi_plus_gutenberg_text_before_share":"","sfsi_plus_gutenberg_show_text_before_share":"","sfsi_plus_gutenberg_icon_type":"","sfsi_plus_gutenberg_icon_alignemt":"","sfsi_plus_gutenburg_max_per_row":"","footnotes":""},"categories":[11],"tags":[],"class_list":["post-95469","post","type-post","status-publish","format-standard","has-post-thumbnail","hentry","category-politica"],"_links":{"self":[{"href":"https:\/\/www.caririemacao.com\/1\/wp-json\/wp\/v2\/posts\/95469","targetHints":{"allow":["GET"]}}],"collection":[{"href":"https:\/\/www.caririemacao.com\/1\/wp-json\/wp\/v2\/posts"}],"about":[{"href":"https:\/\/www.caririemacao.com\/1\/wp-json\/wp\/v2\/types\/post"}],"author":[{"embeddable":true,"href":"https:\/\/www.caririemacao.com\/1\/wp-json\/wp\/v2\/users\/1"}],"replies":[{"embeddable":true,"href":"https:\/\/www.caririemacao.com\/1\/wp-json\/wp\/v2\/comments?post=95469"}],"version-history":[{"count":1,"href":"https:\/\/www.caririemacao.com\/1\/wp-json\/wp\/v2\/posts\/95469\/revisions"}],"predecessor-version":[{"id":95470,"href":"https:\/\/www.caririemacao.com\/1\/wp-json\/wp\/v2\/posts\/95469\/revisions\/95470"}],"wp:featuredmedia":[{"embeddable":true,"href":"https:\/\/www.caririemacao.com\/1\/wp-json\/wp\/v2\/media\/93893"}],"wp:attachment":[{"href":"https:\/\/www.caririemacao.com\/1\/wp-json\/wp\/v2\/media?parent=95469"}],"wp:term":[{"taxonomy":"category","embeddable":true,"href":"https:\/\/www.caririemacao.com\/1\/wp-json\/wp\/v2\/categories?post=95469"},{"taxonomy":"post_tag","embeddable":true,"href":"https:\/\/www.caririemacao.com\/1\/wp-json\/wp\/v2\/tags?post=95469"}],"curies":[{"name":"wp","href":"https:\/\/api.w.org\/{rel}","templated":true}]}}