{"id":95472,"date":"2019-05-17T14:12:03","date_gmt":"2019-05-17T17:12:03","guid":{"rendered":"http:\/\/www.caririemacao.com\/1\/?p=95472"},"modified":"2019-05-17T14:12:03","modified_gmt":"2019-05-17T17:12:03","slug":"ministerio-da-educacao-anuncia-novo-presidente-do-inep","status":"publish","type":"post","link":"https:\/\/www.caririemacao.com\/1\/2019\/05\/17\/ministerio-da-educacao-anuncia-novo-presidente-do-inep\/","title":{"rendered":"Minist\u00e9rio da Educa\u00e7\u00e3o anuncia novo presidente do Inep"},"content":{"rendered":"\n<p><br>O Minist\u00e9rio da Educa\u00e7\u00e3o informou hoje (17) que Alexandre Ribeiro Pereira Lopes ser\u00e1 o novo presidente do Instituto Nacional de Estudos e Pesquisas Educacionais An\u00edsio Teixeira (Inep).<\/p>\n\n\n\n<p>Lopes assume o lugar deixado pelo delegado Elmer Coelho Vicenzi, que&nbsp;pediu demiss\u00e3o&nbsp;ontem (16), ap\u00f3s menos de um m\u00eas no cargo.<\/p>\n\n\n\n<figure class=\"wp-block-image\"><img decoding=\"async\" data-src=\"https:\/\/paraibaonline.com.br\/wp-content\/uploads\/2019\/05\/alexandre-lopes1705.jpg\" alt=\"\" class=\"wp-image-737472 lazyload\" src=\"data:image\/svg+xml;base64,PHN2ZyB3aWR0aD0iMSIgaGVpZ2h0PSIxIiB4bWxucz0iaHR0cDovL3d3dy53My5vcmcvMjAwMC9zdmciPjwvc3ZnPg==\" \/><\/figure>\n\n\n\n<p>Foto: Divulga\u00e7\u00e3o\/MEC<\/p>\n\n\n\n<p>Servidor p\u00fablico de carreira, Alexandre Pereira Lopes exerce atualmente o cargo de diretor legislativo na Secretaria Executiva da Casa Civil da Presid\u00eancia da Rep\u00fablica.<\/p>\n\n\n\n<p>O novo presidente do Inep \u00e9 formado em Engenharia Qu\u00edmica pela Universidade Federal do Rio de Janeiro (UFRJ) e Direito pela Universidade de Bras\u00edlia (UnB).<\/p>\n\n\n\n<p>Autarquia vinculada ao Minist\u00e9rio da Educa\u00e7\u00e3o, o Inep \u00e9 respons\u00e1vel por avalia\u00e7\u00f5es como o Exame Nacional do Ensino M\u00e9dio (Enem) e o Sistema de Avalia\u00e7\u00e3o da Educa\u00e7\u00e3o B\u00e1sica (Saeb), aplicado a estudantes desde a alfabetiza\u00e7\u00e3o at\u00e9 o ensino m\u00e9dio, al\u00e9m dos censos Escolar e da Educa\u00e7\u00e3o Superior.<\/p>\n","protected":false},"excerpt":{"rendered":"<p>O Minist\u00e9rio da Educa\u00e7\u00e3o informou hoje (17) que Alexandre Ribeiro Pereira Lopes ser\u00e1 o novo presidente do Instituto Nacional de Estudos e Pesquisas Educacionais An\u00edsio&hellip; <\/p>\n","protected":false},"author":1,"featured_media":95473,"comment_status":"closed","ping_status":"closed","sticky":false,"template":"","format":"standard","meta":{"sfsi_plus_gutenberg_text_before_share":"","sfsi_plus_gutenberg_show_text_before_share":"","sfsi_plus_gutenberg_icon_type":"","sfsi_plus_gutenberg_icon_alignemt":"","sfsi_plus_gutenburg_max_per_row":"","footnotes":""},"categories":[11],"tags":[],"class_list":["post-95472","post","type-post","status-publish","format-standard","has-post-thumbnail","hentry","category-politica"],"_links":{"self":[{"href":"https:\/\/www.caririemacao.com\/1\/wp-json\/wp\/v2\/posts\/95472","targetHints":{"allow":["GET"]}}],"collection":[{"href":"https:\/\/www.caririemacao.com\/1\/wp-json\/wp\/v2\/posts"}],"about":[{"href":"https:\/\/www.caririemacao.com\/1\/wp-json\/wp\/v2\/types\/post"}],"author":[{"embeddable":true,"href":"https:\/\/www.caririemacao.com\/1\/wp-json\/wp\/v2\/users\/1"}],"replies":[{"embeddable":true,"href":"https:\/\/www.caririemacao.com\/1\/wp-json\/wp\/v2\/comments?post=95472"}],"version-history":[{"count":1,"href":"https:\/\/www.caririemacao.com\/1\/wp-json\/wp\/v2\/posts\/95472\/revisions"}],"predecessor-version":[{"id":95474,"href":"https:\/\/www.caririemacao.com\/1\/wp-json\/wp\/v2\/posts\/95472\/revisions\/95474"}],"wp:featuredmedia":[{"embeddable":true,"href":"https:\/\/www.caririemacao.com\/1\/wp-json\/wp\/v2\/media\/95473"}],"wp:attachment":[{"href":"https:\/\/www.caririemacao.com\/1\/wp-json\/wp\/v2\/media?parent=95472"}],"wp:term":[{"taxonomy":"category","embeddable":true,"href":"https:\/\/www.caririemacao.com\/1\/wp-json\/wp\/v2\/categories?post=95472"},{"taxonomy":"post_tag","embeddable":true,"href":"https:\/\/www.caririemacao.com\/1\/wp-json\/wp\/v2\/tags?post=95472"}],"curies":[{"name":"wp","href":"https:\/\/api.w.org\/{rel}","templated":true}]}}