{"id":95478,"date":"2019-05-17T14:15:39","date_gmt":"2019-05-17T17:15:39","guid":{"rendered":"http:\/\/www.caririemacao.com\/1\/?p=95478"},"modified":"2019-05-17T14:15:39","modified_gmt":"2019-05-17T17:15:39","slug":"encontro-na-granja-adriano-e-a-ponte-entre-o-g10-e-joao-azevedo","status":"publish","type":"post","link":"https:\/\/www.caririemacao.com\/1\/2019\/05\/17\/encontro-na-granja-adriano-e-a-ponte-entre-o-g10-e-joao-azevedo\/","title":{"rendered":"ENCONTRO NA GRANJA: Adriano \u00e9 a ponte entre o G10 e Jo\u00e3o Azev\u00eado"},"content":{"rendered":"\n<p>O presidente da Assembleia Legislativa da Para\u00edba (ALPB), Adriano Galdino (PSB), foi a ponte entre o G10, grupo paragovernista da Casa, e o governador Jo\u00e3o Azevedo (PSB). No encontro desta quinta-feira (16) \u00e0 noite na Granja Santana, Adriano intermediou a conversa que sepultou desconfian\u00e7as e dissabores de parte \u00e0 parte. Ele conciliou os interesses dos dois lados.<\/p>\n\n\n\n<p>Adriano n\u00e3o s\u00f3 articulou, como fez parte da reuni\u00e3o. Um poss\u00edvel racha no grupo estava sendo comentado por parlamentares e imprensa. A&nbsp;<a href=\"http:\/\/paraibadebate.com.br\/insatisfeita-pollyana-dutra-ameaca-deixar-psb-nesta-quarta-15\/\">deputada Pollyana Dutra declarou sua insatisfa\u00e7\u00e3o<\/a>&nbsp;na plen\u00e1ria da Assembleia esta semana.<\/p>\n\n\n\n<p>Em entrevista \u00e0 r\u00e1dio Correio de Jo\u00e3o Pessoa, Estelizabel Bezerra, que tamb\u00e9m faz parte do grupo, declarou que n\u00e3o h\u00e1 essa possibilidade, n\u00e3o agora \u00e0s v\u00e9speras das Elei\u00e7\u00f5es 2020.&nbsp;<a href=\"http:\/\/paraibadebate.com.br\/2020-estelizabel-disse-que-se-retratou-com-pollyana-e-nao-ha-ruptura-no-psb\/\">Estela garantiu que j\u00e1 se retratou com Pollyana como membro do G10<\/a>, se desculpando pela n\u00e3o indica\u00e7\u00e3o da colega para uma das tr\u00eas Comiss\u00f5es Parlamentares e Inqu\u00e9rito (CPIs) instaladas tamb\u00e9m esta semana na ALPB.<\/p>\n\n\n\n<p>Adriano esteve presente no encontro em que os outros deputados do grupo tamb\u00e9m estavam e chegou a descontrair o G10 fotografando os parlamentares com o governador.<\/p>\n\n\n\n<figure class=\"wp-block-image\"><img decoding=\"async\" data-src=\"http:\/\/paraibadebate.com.br\/wp-content\/uploads\/2019\/05\/G10joao.jpg\" alt=\"\" class=\"wp-image-84241 lazyload\" src=\"data:image\/svg+xml;base64,PHN2ZyB3aWR0aD0iMSIgaGVpZ2h0PSIxIiB4bWxucz0iaHR0cDovL3d3dy53My5vcmcvMjAwMC9zdmciPjwvc3ZnPg==\" \/><figcaption>G10 com Jo\u00e3o Azev\u00eado \u2013 Foto: Adriano Galdino<\/figcaption><\/figure>\n\n\n\n<p>O presidente da Assembleia instalou as CPIs da Ind\u00fastria das Multas, de autoria do deputado J\u00fanior Ara\u00fajo (Avante), do Feminic\u00eddio, da deputada Cida Ramos (PSB), e a CPI da Homofobia, da parlamentar Estela Bezerra (PSB).<\/p>\n\n\n\n<p><em>Reda\u00e7\u00e3o PB Debate com Heron Cid<\/em><\/p>\n","protected":false},"excerpt":{"rendered":"<p>O presidente da Assembleia Legislativa da Para\u00edba (ALPB), Adriano Galdino (PSB), foi a ponte entre o G10, grupo paragovernista da Casa, e o governador Jo\u00e3o&hellip; <\/p>\n","protected":false},"author":1,"featured_media":95479,"comment_status":"closed","ping_status":"closed","sticky":false,"template":"","format":"standard","meta":{"sfsi_plus_gutenberg_text_before_share":"","sfsi_plus_gutenberg_show_text_before_share":"","sfsi_plus_gutenberg_icon_type":"","sfsi_plus_gutenberg_icon_alignemt":"","sfsi_plus_gutenburg_max_per_row":"","footnotes":""},"categories":[11],"tags":[],"class_list":["post-95478","post","type-post","status-publish","format-standard","has-post-thumbnail","hentry","category-politica"],"_links":{"self":[{"href":"https:\/\/www.caririemacao.com\/1\/wp-json\/wp\/v2\/posts\/95478","targetHints":{"allow":["GET"]}}],"collection":[{"href":"https:\/\/www.caririemacao.com\/1\/wp-json\/wp\/v2\/posts"}],"about":[{"href":"https:\/\/www.caririemacao.com\/1\/wp-json\/wp\/v2\/types\/post"}],"author":[{"embeddable":true,"href":"https:\/\/www.caririemacao.com\/1\/wp-json\/wp\/v2\/users\/1"}],"replies":[{"embeddable":true,"href":"https:\/\/www.caririemacao.com\/1\/wp-json\/wp\/v2\/comments?post=95478"}],"version-history":[{"count":1,"href":"https:\/\/www.caririemacao.com\/1\/wp-json\/wp\/v2\/posts\/95478\/revisions"}],"predecessor-version":[{"id":95480,"href":"https:\/\/www.caririemacao.com\/1\/wp-json\/wp\/v2\/posts\/95478\/revisions\/95480"}],"wp:featuredmedia":[{"embeddable":true,"href":"https:\/\/www.caririemacao.com\/1\/wp-json\/wp\/v2\/media\/95479"}],"wp:attachment":[{"href":"https:\/\/www.caririemacao.com\/1\/wp-json\/wp\/v2\/media?parent=95478"}],"wp:term":[{"taxonomy":"category","embeddable":true,"href":"https:\/\/www.caririemacao.com\/1\/wp-json\/wp\/v2\/categories?post=95478"},{"taxonomy":"post_tag","embeddable":true,"href":"https:\/\/www.caririemacao.com\/1\/wp-json\/wp\/v2\/tags?post=95478"}],"curies":[{"name":"wp","href":"https:\/\/api.w.org\/{rel}","templated":true}]}}