{"id":95484,"date":"2019-05-17T14:20:14","date_gmt":"2019-05-17T17:20:14","guid":{"rendered":"http:\/\/www.caririemacao.com\/1\/?p=95484"},"modified":"2019-05-17T14:20:14","modified_gmt":"2019-05-17T17:20:14","slug":"escassez-nos-repasses-do-fpm-sufoca-prefeituras-ameaca-duodecimos-e-presidente-da-famup-cobra-pacto-federativo-2","status":"publish","type":"post","link":"https:\/\/www.caririemacao.com\/1\/2019\/05\/17\/escassez-nos-repasses-do-fpm-sufoca-prefeituras-ameaca-duodecimos-e-presidente-da-famup-cobra-pacto-federativo-2\/","title":{"rendered":"Escassez nos repasses do FPM sufoca prefeituras, amea\u00e7a duod\u00e9cimos e presidente da Famup cobra pacto federativo"},"content":{"rendered":"\n<p>As quedas registradas no Fundo de Participa\u00e7\u00e3o dos Munic\u00edpios (FPM) levadas pela quase recess\u00e3o na economia brasileira t\u00eam obrigado prefeitos paraibanos a fazer complementa\u00e7\u00f5es financeiras para garantir o repasse dos duod\u00e9cimos \u2013 que \u00e9 uma obriga\u00e7\u00e3o constitucional \u2013 \u00e0s C\u00e2maras Municipais, por meio de retiradas de receitas de \u00e1reas como assist\u00eancia social, sa\u00fade e educa\u00e7\u00e3o. Com base nessa realidade, o presidente da Federa\u00e7\u00e3o das Associa\u00e7\u00f5es de Munic\u00edpios Paraibanos (Famup), George Coelho, cobrou urg\u00eancia para o novo pacto federativo.<\/p>\n\n\n\n<p>\u201cEssa situa\u00e7\u00e3o tem que ser vista com muita urg\u00eancia pelo Governo Federal. Estamos em um m\u00eas que o FPM reage muito em fun\u00e7\u00e3o dos pagamentos do Imposto de Renda e mesmo assim, n\u00e3o estamos conseguindo nem cumprir com o que \u00e9 de obriga\u00e7\u00e3o, imagine nos pr\u00f3ximos meses que as receitas tendem a cair assustadoramente. \u00c9 preciso agilizar o novo pacto federativo\u201d, destacou George Coelho.<\/p>\n\n\n\n<p>O presidente da Famup revelou que os munic\u00edpios paraibanos devem receber esse m\u00eas um total de R$ 24.333.778,89 e os prefeitos ter\u00e3o que pagar, entre a\u00e7\u00f5es e programas nos munic\u00edpios, al\u00e9m dos duod\u00e9cimos, algo em torno de R$ 30.000.000,00, gerando assim mais um d\u00e9ficit or\u00e7ament\u00e1rio em uma rubrica carimbada e obrigat\u00f3ria. \u201cPassamos por momentos dif\u00edceis para administrar um munic\u00edpio, tendo que arcar com diversas responsabilidades e sem o apoio devido por parte do Governo Federal. Por isso, volta a sugerir aos prefeitos muita cautela com os gastos excessivos\u201d, alertou.<\/p>\n\n\n\n<p><strong>Repasses \u2013<\/strong>&nbsp;O FPM \u00e9 uma transfer\u00eancia constitucional da Uni\u00e3o que entra na rubrica das receitas livres ap\u00f3s dedu\u00e7\u00f5es obrigat\u00f3rias para educa\u00e7\u00e3o e sa\u00fade. O repasse \u00e9 composto por 22,5% da arrecada\u00e7\u00e3o do Imposto de Renda (IR) e pelo Imposto sobre Produtos Industrializados (IPI), fazendo com ele seja ligado diretamente ao desempenho da economia brasileira.<\/p>\n","protected":false},"excerpt":{"rendered":"<p>As quedas registradas no Fundo de Participa\u00e7\u00e3o dos Munic\u00edpios (FPM) levadas pela quase recess\u00e3o na economia brasileira t\u00eam obrigado prefeitos paraibanos a fazer complementa\u00e7\u00f5es financeiras&hellip; <\/p>\n","protected":false},"author":1,"featured_media":95485,"comment_status":"closed","ping_status":"closed","sticky":false,"template":"","format":"standard","meta":{"sfsi_plus_gutenberg_text_before_share":"","sfsi_plus_gutenberg_show_text_before_share":"","sfsi_plus_gutenberg_icon_type":"","sfsi_plus_gutenberg_icon_alignemt":"","sfsi_plus_gutenburg_max_per_row":"","footnotes":""},"categories":[6],"tags":[],"class_list":["post-95484","post","type-post","status-publish","format-standard","has-post-thumbnail","hentry","category-cidades"],"_links":{"self":[{"href":"https:\/\/www.caririemacao.com\/1\/wp-json\/wp\/v2\/posts\/95484","targetHints":{"allow":["GET"]}}],"collection":[{"href":"https:\/\/www.caririemacao.com\/1\/wp-json\/wp\/v2\/posts"}],"about":[{"href":"https:\/\/www.caririemacao.com\/1\/wp-json\/wp\/v2\/types\/post"}],"author":[{"embeddable":true,"href":"https:\/\/www.caririemacao.com\/1\/wp-json\/wp\/v2\/users\/1"}],"replies":[{"embeddable":true,"href":"https:\/\/www.caririemacao.com\/1\/wp-json\/wp\/v2\/comments?post=95484"}],"version-history":[{"count":1,"href":"https:\/\/www.caririemacao.com\/1\/wp-json\/wp\/v2\/posts\/95484\/revisions"}],"predecessor-version":[{"id":95486,"href":"https:\/\/www.caririemacao.com\/1\/wp-json\/wp\/v2\/posts\/95484\/revisions\/95486"}],"wp:featuredmedia":[{"embeddable":true,"href":"https:\/\/www.caririemacao.com\/1\/wp-json\/wp\/v2\/media\/95485"}],"wp:attachment":[{"href":"https:\/\/www.caririemacao.com\/1\/wp-json\/wp\/v2\/media?parent=95484"}],"wp:term":[{"taxonomy":"category","embeddable":true,"href":"https:\/\/www.caririemacao.com\/1\/wp-json\/wp\/v2\/categories?post=95484"},{"taxonomy":"post_tag","embeddable":true,"href":"https:\/\/www.caririemacao.com\/1\/wp-json\/wp\/v2\/tags?post=95484"}],"curies":[{"name":"wp","href":"https:\/\/api.w.org\/{rel}","templated":true}]}}