{"id":95489,"date":"2019-05-17T14:25:07","date_gmt":"2019-05-17T17:25:07","guid":{"rendered":"http:\/\/www.caririemacao.com\/1\/?p=95489"},"modified":"2019-05-17T14:25:07","modified_gmt":"2019-05-17T17:25:07","slug":"jogos-das-semifinais-da-12a-copa-cariri-de-futsal-serao-realizados-sabado-e-terca-feira","status":"publish","type":"post","link":"https:\/\/www.caririemacao.com\/1\/2019\/05\/17\/jogos-das-semifinais-da-12a-copa-cariri-de-futsal-serao-realizados-sabado-e-terca-feira\/","title":{"rendered":"Jogos das semifinais da 12\u00aa Copa Cariri de Futsal ser\u00e3o realizados s\u00e1bado e ter\u00e7a-feira"},"content":{"rendered":"\n<p>Acontecem no pr\u00f3ximo s\u00e1bado(18) e na ter\u00e7a-feira(21), os jogos correspondentes as semifinais da 12\u00aa edi\u00e7\u00e3o da Copa Cariri de Futsal, uma das principais competi\u00e7\u00f5es da modalidade no interior do estado e que desde 2008 coloca em quadra os destaques do futsal das cidades localizadas no Cariri paraibano.<br>O primeiro confronto acontece no s\u00e1bado na cidade de Boa Vista, a partir das 20h.Em quadra, a tradicional equipe da Associa\u00e7\u00e3o Atl\u00e9tica S\u00e3o Bento, que \u00e9 a dona da casa, enfrentar\u00e1 a equipe da Ponte Preta, da cidade de Sum\u00e9.<br>Devido ao um evento cat\u00f3lico que estar\u00e1 sendo realizado no gin\u00e1sio em Cabaceiras no final de semana, o confronto entre as equipes do Juventude local e a Sele\u00e7\u00e3o de Sum\u00e9 ser\u00e1 realizado na ter\u00e7a-feira, \u00e1s 20h.<br>Os vencedores dos confrontos semifinais se enfrentam na grande decis\u00e3o da Copa Cariri de Futsal, que j\u00e1 est\u00e1 definida para o dia 08 de julho 2019.<br>A organiza\u00e7\u00e3o do evento informou que o local onde ser\u00e1 decidido o t\u00edtulo ainda n\u00e3o foi definido. A \u00fanica confirma\u00e7\u00e3o \u00e9 que o jogo final acontece em um gin\u00e1sio neutro, em uma cidade que n\u00e3o seja na casa de nenhuma das equipes envolvidas.<br><strong>Cariri Esporte<\/strong><\/p>\n","protected":false},"excerpt":{"rendered":"<p>Acontecem no pr\u00f3ximo s\u00e1bado(18) e na ter\u00e7a-feira(21), os jogos correspondentes as semifinais da 12\u00aa edi\u00e7\u00e3o da Copa Cariri de Futsal, uma das principais competi\u00e7\u00f5es da&hellip; <\/p>\n","protected":false},"author":1,"featured_media":82230,"comment_status":"closed","ping_status":"closed","sticky":false,"template":"","format":"standard","meta":{"sfsi_plus_gutenberg_text_before_share":"","sfsi_plus_gutenberg_show_text_before_share":"","sfsi_plus_gutenberg_icon_type":"","sfsi_plus_gutenberg_icon_alignemt":"","sfsi_plus_gutenburg_max_per_row":"","footnotes":""},"categories":[50,13],"tags":[],"class_list":["post-95489","post","type-post","status-publish","format-standard","has-post-thumbnail","hentry","category-destaque","category-esportes"],"_links":{"self":[{"href":"https:\/\/www.caririemacao.com\/1\/wp-json\/wp\/v2\/posts\/95489","targetHints":{"allow":["GET"]}}],"collection":[{"href":"https:\/\/www.caririemacao.com\/1\/wp-json\/wp\/v2\/posts"}],"about":[{"href":"https:\/\/www.caririemacao.com\/1\/wp-json\/wp\/v2\/types\/post"}],"author":[{"embeddable":true,"href":"https:\/\/www.caririemacao.com\/1\/wp-json\/wp\/v2\/users\/1"}],"replies":[{"embeddable":true,"href":"https:\/\/www.caririemacao.com\/1\/wp-json\/wp\/v2\/comments?post=95489"}],"version-history":[{"count":1,"href":"https:\/\/www.caririemacao.com\/1\/wp-json\/wp\/v2\/posts\/95489\/revisions"}],"predecessor-version":[{"id":95490,"href":"https:\/\/www.caririemacao.com\/1\/wp-json\/wp\/v2\/posts\/95489\/revisions\/95490"}],"wp:featuredmedia":[{"embeddable":true,"href":"https:\/\/www.caririemacao.com\/1\/wp-json\/wp\/v2\/media\/82230"}],"wp:attachment":[{"href":"https:\/\/www.caririemacao.com\/1\/wp-json\/wp\/v2\/media?parent=95489"}],"wp:term":[{"taxonomy":"category","embeddable":true,"href":"https:\/\/www.caririemacao.com\/1\/wp-json\/wp\/v2\/categories?post=95489"},{"taxonomy":"post_tag","embeddable":true,"href":"https:\/\/www.caririemacao.com\/1\/wp-json\/wp\/v2\/tags?post=95489"}],"curies":[{"name":"wp","href":"https:\/\/api.w.org\/{rel}","templated":true}]}}