{"id":95492,"date":"2019-05-17T14:26:29","date_gmt":"2019-05-17T17:26:29","guid":{"rendered":"http:\/\/www.caririemacao.com\/1\/?p=95492"},"modified":"2019-05-17T14:26:29","modified_gmt":"2019-05-17T17:26:29","slug":"veneziano-quer-inclusao-de-cidade-do-cariri-em-regiao-administrativa-a-ser-criada","status":"publish","type":"post","link":"https:\/\/www.caririemacao.com\/1\/2019\/05\/17\/veneziano-quer-inclusao-de-cidade-do-cariri-em-regiao-administrativa-a-ser-criada\/","title":{"rendered":"Veneziano quer inclus\u00e3o de cidade do Cariri em regi\u00e3o administrativa a ser criada"},"content":{"rendered":"\n<p>Relat\u00f3rio do Senador Veneziano Vital do R\u00eago (PSB-PB), que autoriza o Poder Executivo a criar a Regi\u00e3o Administrativa Integrada de Desenvolvimento Econ\u00f4mico (Ride) do Polo Caruaru (PE) e Campina Grande (PB), foi aprovado nesta quarta-feira (15) na Comiss\u00e3o de Desenvolvimento Regional e Turismo (CDR) e segue agora para o Plen\u00e1rio. Caruaru e Campina Grande est\u00e3o distantes 130 quil\u00f4metros uma da outra.<br>A proposta (PLS 789\/2015) prev\u00ea a cria\u00e7\u00e3o do Programa Especial de Desenvolvimento do polo e um conselho administrativo para coordenar as atividades desenvolvidas na Ride, contando com representantes das cidades abrangidas e dos governos estaduais da Para\u00edba e de Pernambuco. Entre os focos, estar\u00e3o o aproveitamento socioecon\u00f4mico dos recursos h\u00eddricos das regi\u00f5es de baixa renda; o fomento a atividades produtivas em programas de gera\u00e7\u00e3o de empregos; e a fixa\u00e7\u00e3o da m\u00e3o-de-obra na regi\u00e3o.<br>Um artigo prev\u00ea ainda que a Uni\u00e3o e os dois estados envolvidos incentivar\u00e3o a recupera\u00e7\u00e3o das terras \u00e1ridas. Tamb\u00e9m caber\u00e1 \u00e0 Ride incentivar a cooperar\u00e3o entre os governos e com pequenos e m\u00e9dios propriet\u00e1rios rurais, visando estabelecer fontes de \u00e1gua e pequena irriga\u00e7\u00e3o, segundo informou a Ag\u00eancia Senado de Not\u00edcias.<br><strong>Cidades interligadas<\/strong>Veneziano disse que as cidades em torno de Campina Grande e Caruaru possuem voca\u00e7\u00e3o comum relacionada ao setor de vestu\u00e1rio e de confec\u00e7\u00f5es, integrando o chamado Polo de Confec\u00e7\u00e3o de Caruaru. Tamb\u00e9m h\u00e1 forte ind\u00fastria moveleira, que se expande na regi\u00e3o, formada por 50 cidades.<br><strong>Polos Grandes<\/strong>\u201cCampina Grande e Caruaru s\u00e3o cidades que polarizam a procura por servi\u00e7os e compras, sendo consideradas pelo IBGE capitais regionais. Al\u00e9m de intensa atividade industrial no segmento de confec\u00e7\u00f5es, elas conquistaram o patamar de relevantes destinos de compras em \u00e2mbito macro-regional. Tamb\u00e9m apresentam atividades culturais e tur\u00edsticas em comum, como as festas juninas e religiosas, que movimentam a economia dessa regi\u00e3o. S\u00e3o munic\u00edpios complementares\u201d, disse Veneziano.<br>Veneziano disse que a cria\u00e7\u00e3o da Ride vai resultar na melhoria da infraestrutura dos servi\u00e7os p\u00fablicos da regi\u00e3o.<br>Ele ainda acolheu uma emenda da Senadora Daniella Ribeiro (PP-PB), que incluiu a ind\u00fastria cal\u00e7adista entre os setores que devem receber aten\u00e7\u00e3o especial, quando da elabora\u00e7\u00e3o dos programas priorit\u00e1rios na Ride.<br><strong>Tamanho<\/strong>Conforme a proposta, ela ser\u00e1 constitu\u00edda de 25 munic\u00edpios de Pernambuco e 20 da Para\u00edba. Os programas e projetos para a Ride dever\u00e3o dar \u00eanfase aos setores de confec\u00e7\u00e3o, turismo e ind\u00fastria moveleira. O texto destaca que os 45 munic\u00edpios t\u00eam atividades econ\u00f4micas afins.<br>No turismo, Caruaru e Campina Grande realizam as mais conhecidas festas juninas do pa\u00eds, como lembra o autor da proposi\u00e7\u00e3o. Veneziano apresentou duas emendas, sendo uma de reda\u00e7\u00e3o e outra que inclui artigo para prever expressamente a elabora\u00e7\u00e3o de uma avalia\u00e7\u00e3o ambiental estrat\u00e9gica para a regi\u00e3o.<br><strong>Ajuste<\/strong>Em rela\u00e7\u00e3o \u00e0 composi\u00e7\u00e3o da Ride, o relator Veneziano Vital sugeriu a substitui\u00e7\u00e3o do munic\u00edpio de Torres, que n\u00e3o se situa no estado da Para\u00edba, pelo munic\u00edpio de Boa Vista, que fica pr\u00f3ximo aos munic\u00edpios de S\u00e3o Domingos do Cariri e de Umbuzeiro.<br>\u201cEm consequ\u00eancia da semelhan\u00e7a e complementariedade das atividades econ\u00f4micas dos Munic\u00edpios do Polo Caruaru\u2013Campina Grande, das tradi\u00e7\u00f5es culturais e manifesta\u00e7\u00f5es religiosas e da proximidade geogr\u00e1fica, a cria\u00e7\u00e3o da Ride presta-se a integrar esfor\u00e7os governamentais e privados para prover a infraestrutura de servi\u00e7os p\u00fablicos necess\u00e1rios ao desenvolvimento socioecon\u00f4mico<\/p>\n","protected":false},"excerpt":{"rendered":"<p>Relat\u00f3rio do Senador Veneziano Vital do R\u00eago (PSB-PB), que autoriza o Poder Executivo a criar a Regi\u00e3o Administrativa Integrada de Desenvolvimento Econ\u00f4mico (Ride) do Polo&hellip; <\/p>\n","protected":false},"author":1,"featured_media":95378,"comment_status":"closed","ping_status":"closed","sticky":false,"template":"","format":"standard","meta":{"sfsi_plus_gutenberg_text_before_share":"","sfsi_plus_gutenberg_show_text_before_share":"","sfsi_plus_gutenberg_icon_type":"","sfsi_plus_gutenberg_icon_alignemt":"","sfsi_plus_gutenburg_max_per_row":"","footnotes":""},"categories":[11],"tags":[],"class_list":["post-95492","post","type-post","status-publish","format-standard","has-post-thumbnail","hentry","category-politica"],"_links":{"self":[{"href":"https:\/\/www.caririemacao.com\/1\/wp-json\/wp\/v2\/posts\/95492","targetHints":{"allow":["GET"]}}],"collection":[{"href":"https:\/\/www.caririemacao.com\/1\/wp-json\/wp\/v2\/posts"}],"about":[{"href":"https:\/\/www.caririemacao.com\/1\/wp-json\/wp\/v2\/types\/post"}],"author":[{"embeddable":true,"href":"https:\/\/www.caririemacao.com\/1\/wp-json\/wp\/v2\/users\/1"}],"replies":[{"embeddable":true,"href":"https:\/\/www.caririemacao.com\/1\/wp-json\/wp\/v2\/comments?post=95492"}],"version-history":[{"count":1,"href":"https:\/\/www.caririemacao.com\/1\/wp-json\/wp\/v2\/posts\/95492\/revisions"}],"predecessor-version":[{"id":95493,"href":"https:\/\/www.caririemacao.com\/1\/wp-json\/wp\/v2\/posts\/95492\/revisions\/95493"}],"wp:featuredmedia":[{"embeddable":true,"href":"https:\/\/www.caririemacao.com\/1\/wp-json\/wp\/v2\/media\/95378"}],"wp:attachment":[{"href":"https:\/\/www.caririemacao.com\/1\/wp-json\/wp\/v2\/media?parent=95492"}],"wp:term":[{"taxonomy":"category","embeddable":true,"href":"https:\/\/www.caririemacao.com\/1\/wp-json\/wp\/v2\/categories?post=95492"},{"taxonomy":"post_tag","embeddable":true,"href":"https:\/\/www.caririemacao.com\/1\/wp-json\/wp\/v2\/tags?post=95492"}],"curies":[{"name":"wp","href":"https:\/\/api.w.org\/{rel}","templated":true}]}}