{"id":95495,"date":"2019-05-17T14:30:30","date_gmt":"2019-05-17T17:30:30","guid":{"rendered":"http:\/\/www.caririemacao.com\/1\/?p=95495"},"modified":"2019-05-17T14:30:30","modified_gmt":"2019-05-17T17:30:30","slug":"debilidade-politica-e-economica-fazem-impeachment-de-bolsonaro-entrar-em-pauta","status":"publish","type":"post","link":"https:\/\/www.caririemacao.com\/1\/2019\/05\/17\/debilidade-politica-e-economica-fazem-impeachment-de-bolsonaro-entrar-em-pauta\/","title":{"rendered":"Debilidade pol\u00edtica e econ\u00f4mica fazem impeachment de Bolsonaro entrar em pauta"},"content":{"rendered":"\n<p>A crise pol\u00edtica e econ\u00f4mica, as den\u00fancias de que o filho do presidente Jair Bolsonaro, o senador Fl\u00e1vio Bolsonaro (PSL-RJ), formou quadrilha quando era deputado estadual, o desprest\u00edgio do presidente da Rep\u00fablica e a insatisfa\u00e7\u00e3o popular fizeram com que o impeachment passasse a ser discutido nos bastidores pol\u00edticos.<\/p>\n\n\n\n<p>A coluna Painel do jornal Folha de S.Paulo destaca que \u201co cen\u00e1rio de fraqueza econ\u00f4mica, instabilidade pol\u00edtica e aprofundamento das apura\u00e7\u00f5es contra Fl\u00e1vio Bolsonaro (PSL-RJ) fez a palavra impeachment voltar a circular nos Poderes\u201d. Mais grave ainda, n\u00e3o se trata de uma conspira\u00e7\u00e3o, diz a\u00a0<a rel=\"noreferrer noopener\" href=\"https:\/\/painel.blogfolha.uol.com.br\/2019\/05\/17\/debilidade-da-economia-e-instabilidade-politica-fazem-do-impeachment-tema-de-conversas-nos-poderes\/\" target=\"_blank\">coluna<\/a>\u00a0mas de uma constata\u00e7\u00e3o resignada diante da for\u00e7a dos fatos.<\/p>\n\n\n\n<p>O fracasso precoce de Bolsonaro \u00e9 uma possibilidade sobre a qual h\u00e1 debates entre integrantes dos poderes Legislativo e Judici\u00e1rio, todos temerosos do que pode ocorrer com o pa\u00eds na concretiza\u00e7\u00e3o dessa hip\u00f3tese.<\/p>\n","protected":false},"excerpt":{"rendered":"<p>A crise pol\u00edtica e econ\u00f4mica, as den\u00fancias de que o filho do presidente Jair Bolsonaro, o senador Fl\u00e1vio Bolsonaro (PSL-RJ), formou quadrilha quando era deputado&hellip; <\/p>\n","protected":false},"author":1,"featured_media":93263,"comment_status":"closed","ping_status":"closed","sticky":false,"template":"","format":"standard","meta":{"sfsi_plus_gutenberg_text_before_share":"","sfsi_plus_gutenberg_show_text_before_share":"","sfsi_plus_gutenberg_icon_type":"","sfsi_plus_gutenberg_icon_alignemt":"","sfsi_plus_gutenburg_max_per_row":"","footnotes":""},"categories":[11],"tags":[],"class_list":["post-95495","post","type-post","status-publish","format-standard","has-post-thumbnail","hentry","category-politica"],"_links":{"self":[{"href":"https:\/\/www.caririemacao.com\/1\/wp-json\/wp\/v2\/posts\/95495","targetHints":{"allow":["GET"]}}],"collection":[{"href":"https:\/\/www.caririemacao.com\/1\/wp-json\/wp\/v2\/posts"}],"about":[{"href":"https:\/\/www.caririemacao.com\/1\/wp-json\/wp\/v2\/types\/post"}],"author":[{"embeddable":true,"href":"https:\/\/www.caririemacao.com\/1\/wp-json\/wp\/v2\/users\/1"}],"replies":[{"embeddable":true,"href":"https:\/\/www.caririemacao.com\/1\/wp-json\/wp\/v2\/comments?post=95495"}],"version-history":[{"count":1,"href":"https:\/\/www.caririemacao.com\/1\/wp-json\/wp\/v2\/posts\/95495\/revisions"}],"predecessor-version":[{"id":95496,"href":"https:\/\/www.caririemacao.com\/1\/wp-json\/wp\/v2\/posts\/95495\/revisions\/95496"}],"wp:featuredmedia":[{"embeddable":true,"href":"https:\/\/www.caririemacao.com\/1\/wp-json\/wp\/v2\/media\/93263"}],"wp:attachment":[{"href":"https:\/\/www.caririemacao.com\/1\/wp-json\/wp\/v2\/media?parent=95495"}],"wp:term":[{"taxonomy":"category","embeddable":true,"href":"https:\/\/www.caririemacao.com\/1\/wp-json\/wp\/v2\/categories?post=95495"},{"taxonomy":"post_tag","embeddable":true,"href":"https:\/\/www.caririemacao.com\/1\/wp-json\/wp\/v2\/tags?post=95495"}],"curies":[{"name":"wp","href":"https:\/\/api.w.org\/{rel}","templated":true}]}}