{"id":95500,"date":"2019-05-17T14:33:22","date_gmt":"2019-05-17T17:33:22","guid":{"rendered":"http:\/\/www.caririemacao.com\/1\/?p=95500"},"modified":"2019-05-17T14:33:22","modified_gmt":"2019-05-17T17:33:22","slug":"carmen-lucia-e-rodrigo-maia-vem-a-joao-pessoa-participar-de-evento","status":"publish","type":"post","link":"https:\/\/www.caririemacao.com\/1\/2019\/05\/17\/carmen-lucia-e-rodrigo-maia-vem-a-joao-pessoa-participar-de-evento\/","title":{"rendered":"C\u00e1rmen L\u00facia e Rodrigo Maia v\u00eam a Jo\u00e3o Pessoa participar de evento"},"content":{"rendered":"\n<p>A ministra do Supremo Tribunal Federal (STF), C\u00e1rmen L\u00facia e o presidente da C\u00e2mara dos Deputados, Rodrigo Maia v\u00eam a Jo\u00e3o Pessoa, neste s\u00e1bado (18), para participar do XVII Congresso Internacional de Direito Constitucional.<\/p>\n\n\n\n<p>O evento acontece no audit\u00f3rio do Teatro Pedra do Reino, no Centro de Conven\u00e7\u00f5es, localizado no Km 8 da PB-008.<\/p>\n\n\n\n<p>De acordo com a programa\u00e7\u00e3o, o presidente da C\u00e2mara&nbsp; deve tratar sobre a reforma da Previd\u00eancia, \u00e0s 14h. J\u00e1 C\u00e1rmen L\u00facia ministra palestra sobre Rep\u00fablica e Constitui\u00e7\u00e3o, \u00e0s 18h.<\/p>\n\n\n\n<p>Al\u00e9m da palestra, a ministra do STF \u00e9 a grande homenageada do evento. Todas as&nbsp;<a href=\"https:\/\/www.congressosebec.com.br\/constitucional\/programacao\/\" target=\"_blank\" rel=\"noreferrer noopener\"><strong>informa\u00e7\u00f5es sobre o evento<\/strong><\/a>.<\/p>\n","protected":false},"excerpt":{"rendered":"<p>A ministra do Supremo Tribunal Federal (STF), C\u00e1rmen L\u00facia e o presidente da C\u00e2mara dos Deputados, Rodrigo Maia v\u00eam a Jo\u00e3o Pessoa, neste s\u00e1bado (18),&hellip; <\/p>\n","protected":false},"author":1,"featured_media":95501,"comment_status":"closed","ping_status":"closed","sticky":false,"template":"","format":"standard","meta":{"sfsi_plus_gutenberg_text_before_share":"","sfsi_plus_gutenberg_show_text_before_share":"","sfsi_plus_gutenberg_icon_type":"","sfsi_plus_gutenberg_icon_alignemt":"","sfsi_plus_gutenburg_max_per_row":"","footnotes":""},"categories":[11],"tags":[],"class_list":["post-95500","post","type-post","status-publish","format-standard","has-post-thumbnail","hentry","category-politica"],"_links":{"self":[{"href":"https:\/\/www.caririemacao.com\/1\/wp-json\/wp\/v2\/posts\/95500","targetHints":{"allow":["GET"]}}],"collection":[{"href":"https:\/\/www.caririemacao.com\/1\/wp-json\/wp\/v2\/posts"}],"about":[{"href":"https:\/\/www.caririemacao.com\/1\/wp-json\/wp\/v2\/types\/post"}],"author":[{"embeddable":true,"href":"https:\/\/www.caririemacao.com\/1\/wp-json\/wp\/v2\/users\/1"}],"replies":[{"embeddable":true,"href":"https:\/\/www.caririemacao.com\/1\/wp-json\/wp\/v2\/comments?post=95500"}],"version-history":[{"count":1,"href":"https:\/\/www.caririemacao.com\/1\/wp-json\/wp\/v2\/posts\/95500\/revisions"}],"predecessor-version":[{"id":95502,"href":"https:\/\/www.caririemacao.com\/1\/wp-json\/wp\/v2\/posts\/95500\/revisions\/95502"}],"wp:featuredmedia":[{"embeddable":true,"href":"https:\/\/www.caririemacao.com\/1\/wp-json\/wp\/v2\/media\/95501"}],"wp:attachment":[{"href":"https:\/\/www.caririemacao.com\/1\/wp-json\/wp\/v2\/media?parent=95500"}],"wp:term":[{"taxonomy":"category","embeddable":true,"href":"https:\/\/www.caririemacao.com\/1\/wp-json\/wp\/v2\/categories?post=95500"},{"taxonomy":"post_tag","embeddable":true,"href":"https:\/\/www.caririemacao.com\/1\/wp-json\/wp\/v2\/tags?post=95500"}],"curies":[{"name":"wp","href":"https:\/\/api.w.org\/{rel}","templated":true}]}}