{"id":95506,"date":"2019-05-17T20:17:07","date_gmt":"2019-05-17T23:17:07","guid":{"rendered":"http:\/\/www.caririemacao.com\/1\/?p=95506"},"modified":"2019-05-17T20:17:07","modified_gmt":"2019-05-17T23:17:07","slug":"usuarios-do-caps-i-recebem-visitantes-de-monteiro-e-sume-em-exposicao-de-arte","status":"publish","type":"post","link":"https:\/\/www.caririemacao.com\/1\/2019\/05\/17\/usuarios-do-caps-i-recebem-visitantes-de-monteiro-e-sume-em-exposicao-de-arte\/","title":{"rendered":"Usu\u00e1rios do CAPS I recebem visitantes de Monteiro e Sum\u00e9 em Exposi\u00e7\u00e3o de Arte"},"content":{"rendered":"\n<p>Dentro das atividades realizadas pelos usu\u00e1rios no CAPS I, est\u00e3o as pr\u00e1ticas de artesanato e pintura, sendo este \u00faltimo o motivo de uma exposi\u00e7\u00e3o realizada nas depend\u00eancias do Centro.<\/p>\n\n\n\n<p>Os visitantes e familiares dos pacientes foram recebidos ao som de um trio p\u00e9 de serra. A exposi\u00e7\u00e3o contou com mais de 50 trabalhos com diversas tem\u00e1ticas. Os quadros foram vendidos com valores entre R$10 e R$30 que ser\u00e3o revertidos para a compra de novos materiais para as atividades art\u00edsticas.<\/p>\n\n\n\n<div class=\"wp-block-image\"><figure class=\"alignleft\"><img decoding=\"async\" data-src=\"https:\/\/i2.wp.com\/www.vitrinedocariri.com.br\/wp-content\/uploads\/2019\/05\/ExpoCAPS5.jpeg?zoom=2&amp;resize=330%2C219&amp;ssl=1\" alt=\"\" class=\"wp-image-43946 lazyload\" src=\"data:image\/svg+xml;base64,PHN2ZyB3aWR0aD0iMSIgaGVpZ2h0PSIxIiB4bWxucz0iaHR0cDovL3d3dy53My5vcmcvMjAwMC9zdmciPjwvc3ZnPg==\" \/><\/figure><\/div>\n\n\n\n<p>Para a diretora do CAPS I, Kalline Torres, as exposi\u00e7\u00f5es que sempre s\u00e3o&nbsp;feitas ajudam os pacientes at\u00e9 com a pr\u00f3pria autoestima. \u201cBuscamos sempre desenvolver a socializa\u00e7\u00e3o e o desenvolvimento de habilidades art\u00edsticas como estas e tudo isso influi na qualidade de vida deles. Quando v\u00eam suas obras sendo vendidas eles tem mais um est\u00edmulo e isso nos deixa felizes, porque gera uma evolu\u00e7\u00e3o. \u00c9 gratificante este trabalho pra n\u00f3s\u201d, conclui.<\/p>\n\n\n\n<p>A diretora do CAPS I de Monteiro ainda convidou funcion\u00e1rios e pacientes do Centro de Aten\u00e7\u00e3o Psicossocial de Sum\u00e9, que tiveram a oportunidade de se confraternizar e conhecer as depend\u00eancias do servi\u00e7o e ainda prestigiar e comprar alguns dos quadros.<\/p>\n","protected":false},"excerpt":{"rendered":"<p>Dentro das atividades realizadas pelos usu\u00e1rios no CAPS I, est\u00e3o as pr\u00e1ticas de artesanato e pintura, sendo este \u00faltimo o motivo de uma exposi\u00e7\u00e3o realizada&hellip; <\/p>\n","protected":false},"author":1,"featured_media":95507,"comment_status":"closed","ping_status":"closed","sticky":false,"template":"","format":"standard","meta":{"sfsi_plus_gutenberg_text_before_share":"","sfsi_plus_gutenberg_show_text_before_share":"","sfsi_plus_gutenberg_icon_type":"","sfsi_plus_gutenberg_icon_alignemt":"","sfsi_plus_gutenburg_max_per_row":"","footnotes":""},"categories":[2],"tags":[],"class_list":["post-95506","post","type-post","status-publish","format-standard","has-post-thumbnail","hentry","category-geral"],"_links":{"self":[{"href":"https:\/\/www.caririemacao.com\/1\/wp-json\/wp\/v2\/posts\/95506","targetHints":{"allow":["GET"]}}],"collection":[{"href":"https:\/\/www.caririemacao.com\/1\/wp-json\/wp\/v2\/posts"}],"about":[{"href":"https:\/\/www.caririemacao.com\/1\/wp-json\/wp\/v2\/types\/post"}],"author":[{"embeddable":true,"href":"https:\/\/www.caririemacao.com\/1\/wp-json\/wp\/v2\/users\/1"}],"replies":[{"embeddable":true,"href":"https:\/\/www.caririemacao.com\/1\/wp-json\/wp\/v2\/comments?post=95506"}],"version-history":[{"count":1,"href":"https:\/\/www.caririemacao.com\/1\/wp-json\/wp\/v2\/posts\/95506\/revisions"}],"predecessor-version":[{"id":95508,"href":"https:\/\/www.caririemacao.com\/1\/wp-json\/wp\/v2\/posts\/95506\/revisions\/95508"}],"wp:featuredmedia":[{"embeddable":true,"href":"https:\/\/www.caririemacao.com\/1\/wp-json\/wp\/v2\/media\/95507"}],"wp:attachment":[{"href":"https:\/\/www.caririemacao.com\/1\/wp-json\/wp\/v2\/media?parent=95506"}],"wp:term":[{"taxonomy":"category","embeddable":true,"href":"https:\/\/www.caririemacao.com\/1\/wp-json\/wp\/v2\/categories?post=95506"},{"taxonomy":"post_tag","embeddable":true,"href":"https:\/\/www.caririemacao.com\/1\/wp-json\/wp\/v2\/tags?post=95506"}],"curies":[{"name":"wp","href":"https:\/\/api.w.org\/{rel}","templated":true}]}}