{"id":95511,"date":"2019-05-17T20:18:43","date_gmt":"2019-05-17T23:18:43","guid":{"rendered":"http:\/\/www.caririemacao.com\/1\/?p=95511"},"modified":"2019-05-17T20:18:43","modified_gmt":"2019-05-17T23:18:43","slug":"dia-do-gari-em-monteiro-tem-comemoracao-feijoada-e-boa-musica","status":"publish","type":"post","link":"https:\/\/www.caririemacao.com\/1\/2019\/05\/17\/dia-do-gari-em-monteiro-tem-comemoracao-feijoada-e-boa-musica\/","title":{"rendered":"Dia do Gari em Monteiro tem comemora\u00e7\u00e3o, feijoada e boa m\u00fasica"},"content":{"rendered":"\n<p>A secretaria de Infraestrutura do munic\u00edpio de Monteiro proporcionou uma tarde diferente aos agentes de limpeza urbana.<\/p>\n\n\n\n<p>Para divertir os 65 funcion\u00e1rios que estiveram presentes com suas fam\u00edlias, o secret\u00e1rio da pasta Rostand Chaves e sua equipe, prepararam uma feijoada que foi regada ao som de muito forr\u00f3.<\/p>\n\n\n\n<p>Ainda dentro da comemora\u00e7\u00e3o foi realizado um bingo e sorteio de pr\u00eamios. Secret\u00e1rios e vereadores prestigiaram os funcion\u00e1rios e o grande momento.<\/p>\n\n\n\n<div class=\"wp-block-image\"><figure class=\"alignleft\"><img decoding=\"async\" data-src=\"https:\/\/i1.wp.com\/www.vitrinedocariri.com.br\/wp-content\/uploads\/2019\/05\/Comemora%C3%A7%C3%A3o-Dia-do-Gari1.jpeg?zoom=2&amp;resize=330%2C219&amp;ssl=1\" alt=\"\" class=\"wp-image-43908 lazyload\" src=\"data:image\/svg+xml;base64,PHN2ZyB3aWR0aD0iMSIgaGVpZ2h0PSIxIiB4bWxucz0iaHR0cDovL3d3dy53My5vcmcvMjAwMC9zdmciPjwvc3ZnPg==\" \/><\/figure><\/div>\n\n\n\n<p>Conforme o secret\u00e1rio, a comemora\u00e7\u00e3o \u00e9 muito importante, pois o trabalho dessas pessoas \u00e9 essencial para a cidade e ainda parabenizou todos os trabalhadores \u201c\u00c9 um dia festivo para mim, para a secretaria e para a popula\u00e7\u00e3o. Agradecemos a presen\u00e7a de todos os garis, bem como o trabalho que eles desenvolvem. Para mim \u00e9 um prazer estar todos os dias com eles\u201d, pontuou.<\/p>\n\n\n\n<p><strong>Dia do Gari<\/strong><\/p>\n\n\n\n<div class=\"wp-block-image\"><figure class=\"alignleft\"><img decoding=\"async\" data-src=\"https:\/\/i2.wp.com\/www.vitrinedocariri.com.br\/wp-content\/uploads\/2019\/05\/Comemora%C3%A7%C3%A3o-Dia-do-Gari7.jpeg?zoom=2&amp;resize=330%2C219&amp;ssl=1\" alt=\"\" class=\"wp-image-43910 lazyload\" src=\"data:image\/svg+xml;base64,PHN2ZyB3aWR0aD0iMSIgaGVpZ2h0PSIxIiB4bWxucz0iaHR0cDovL3d3dy53My5vcmcvMjAwMC9zdmciPjwvc3ZnPg==\" \/><\/figure><\/div>\n\n\n\n<p>O dia 16 de maio \u00e9 comemorado em todo o Brasil pelos profissionais que no dia a dia t\u00eam a responsabilidade de ajudar na coleta de lixo nas&nbsp;ruas da cidade.<\/p>\n\n\n\n<p>Em Monteiro, compete \u00e0 Secretaria Infraestrutura, preservar e conservar pra\u00e7as, parques e jardins; manter os servi\u00e7os de limpeza p\u00fablica (coleta, varri\u00e7\u00e3o, capina) e destina\u00e7\u00e3o de res\u00edduos s\u00f3lidos.<\/p>\n","protected":false},"excerpt":{"rendered":"<p>A secretaria de Infraestrutura do munic\u00edpio de Monteiro proporcionou uma tarde diferente aos agentes de limpeza urbana. Para divertir os 65 funcion\u00e1rios que estiveram presentes&hellip; <\/p>\n","protected":false},"author":1,"featured_media":95512,"comment_status":"closed","ping_status":"closed","sticky":false,"template":"","format":"standard","meta":{"sfsi_plus_gutenberg_text_before_share":"","sfsi_plus_gutenberg_show_text_before_share":"","sfsi_plus_gutenberg_icon_type":"","sfsi_plus_gutenberg_icon_alignemt":"","sfsi_plus_gutenburg_max_per_row":"","footnotes":""},"categories":[2],"tags":[],"class_list":["post-95511","post","type-post","status-publish","format-standard","has-post-thumbnail","hentry","category-geral"],"_links":{"self":[{"href":"https:\/\/www.caririemacao.com\/1\/wp-json\/wp\/v2\/posts\/95511","targetHints":{"allow":["GET"]}}],"collection":[{"href":"https:\/\/www.caririemacao.com\/1\/wp-json\/wp\/v2\/posts"}],"about":[{"href":"https:\/\/www.caririemacao.com\/1\/wp-json\/wp\/v2\/types\/post"}],"author":[{"embeddable":true,"href":"https:\/\/www.caririemacao.com\/1\/wp-json\/wp\/v2\/users\/1"}],"replies":[{"embeddable":true,"href":"https:\/\/www.caririemacao.com\/1\/wp-json\/wp\/v2\/comments?post=95511"}],"version-history":[{"count":1,"href":"https:\/\/www.caririemacao.com\/1\/wp-json\/wp\/v2\/posts\/95511\/revisions"}],"predecessor-version":[{"id":95513,"href":"https:\/\/www.caririemacao.com\/1\/wp-json\/wp\/v2\/posts\/95511\/revisions\/95513"}],"wp:featuredmedia":[{"embeddable":true,"href":"https:\/\/www.caririemacao.com\/1\/wp-json\/wp\/v2\/media\/95512"}],"wp:attachment":[{"href":"https:\/\/www.caririemacao.com\/1\/wp-json\/wp\/v2\/media?parent=95511"}],"wp:term":[{"taxonomy":"category","embeddable":true,"href":"https:\/\/www.caririemacao.com\/1\/wp-json\/wp\/v2\/categories?post=95511"},{"taxonomy":"post_tag","embeddable":true,"href":"https:\/\/www.caririemacao.com\/1\/wp-json\/wp\/v2\/tags?post=95511"}],"curies":[{"name":"wp","href":"https:\/\/api.w.org\/{rel}","templated":true}]}}