{"id":95515,"date":"2019-05-17T20:20:18","date_gmt":"2019-05-17T23:20:18","guid":{"rendered":"http:\/\/www.caririemacao.com\/1\/?p=95515"},"modified":"2019-05-17T20:20:18","modified_gmt":"2019-05-17T23:20:18","slug":"policia-mantem-detidos-dois-suspeitos-do-assassinato-de-comerciante-no-cariri","status":"publish","type":"post","link":"https:\/\/www.caririemacao.com\/1\/2019\/05\/17\/policia-mantem-detidos-dois-suspeitos-do-assassinato-de-comerciante-no-cariri\/","title":{"rendered":"Pol\u00edcia mant\u00e9m detidos dois suspeitos do assassinato de comerciante no Cariri"},"content":{"rendered":"\n<div class=\"wp-block-image\"><figure class=\"alignleft\"><img decoding=\"async\" data-src=\"https:\/\/i1.wp.com\/www.vitrinedocariri.com.br\/wp-content\/uploads\/2019\/05\/Pol%C3%ADcia-mant%C3%A9m-detidos-dois-suspeitos-do-assassinato-de-comerciante-em-S%C3%A3o-Jos%C3%A9-dos-Cordeiros.jpg?zoom=2&amp;resize=330%2C186&amp;ssl=1\" alt=\"\" class=\"wp-image-43956 lazyload\" src=\"data:image\/svg+xml;base64,PHN2ZyB3aWR0aD0iMSIgaGVpZ2h0PSIxIiB4bWxucz0iaHR0cDovL3d3dy53My5vcmcvMjAwMC9zdmciPjwvc3ZnPg==\" \/><\/figure><\/div>\n\n\n\n<p>A informa\u00e7\u00e3o foi confirmada pelo delegado regional de Pol\u00edcia Civil, Dr. Cristiano Santana. Segundo ele, a qualquer momento a pol\u00edcia pode est\u00e1 divulgando novos desdobramentos da investiga\u00e7\u00e3o que envolve o assassinato do cordeirense Neobruno da Silva, conhecido como Bruno de Z\u00e9 Lucas.<\/p>\n\n\n\n<p>Nesta quinta-feira, o comerciante Bruno foi executado cruelmente com tr\u00eas tiros na cabe\u00e7a, quando reabria sua loja de material de constru\u00e7\u00e3o.<\/p>\n\n\n\n<p>A Pol\u00edcia Militar de S\u00e3o Jos\u00e9 dos Cordeiros, sob o comando dos sargentos Heronilson e Cust\u00f3dio, localizaram poucas horas depois, dois homens em uma moto em atitude suspeita na entrada da estrada que d\u00e1 acesso a cidade de Sum\u00e9. Eles buscavam informa\u00e7\u00f5es sobre a estrada e diziam que iriam comprar um carro em Sum\u00e9, com algumas contradi\u00e7\u00f5es em seus comportamentos.<\/p>\n\n\n\n<p>Os policiais os levaram para averigua\u00e7\u00e3o como suspeitos do assassinato ao comerciante Bruno em S\u00e3o Jos\u00e9 dos Cordeiros e a pol\u00edcia busca elementos para confirmar se eles seriam mesmo os autores do assassinato. Os suspeitos negam a participa\u00e7\u00e3o no crime e disseram ser da cidade de Juazeirinho. Seus nomes est\u00e3o mantidos em sigilo at\u00e9 o fechamento da investiga\u00e7\u00e3o.<\/p>\n","protected":false},"excerpt":{"rendered":"<p>A informa\u00e7\u00e3o foi confirmada pelo delegado regional de Pol\u00edcia Civil, Dr. Cristiano Santana. Segundo ele, a qualquer momento a pol\u00edcia pode est\u00e1 divulgando novos desdobramentos&hellip; <\/p>\n","protected":false},"author":1,"featured_media":95516,"comment_status":"closed","ping_status":"closed","sticky":false,"template":"","format":"standard","meta":{"sfsi_plus_gutenberg_text_before_share":"","sfsi_plus_gutenberg_show_text_before_share":"","sfsi_plus_gutenberg_icon_type":"","sfsi_plus_gutenberg_icon_alignemt":"","sfsi_plus_gutenburg_max_per_row":"","footnotes":""},"categories":[12],"tags":[],"class_list":["post-95515","post","type-post","status-publish","format-standard","has-post-thumbnail","hentry","category-policia"],"_links":{"self":[{"href":"https:\/\/www.caririemacao.com\/1\/wp-json\/wp\/v2\/posts\/95515","targetHints":{"allow":["GET"]}}],"collection":[{"href":"https:\/\/www.caririemacao.com\/1\/wp-json\/wp\/v2\/posts"}],"about":[{"href":"https:\/\/www.caririemacao.com\/1\/wp-json\/wp\/v2\/types\/post"}],"author":[{"embeddable":true,"href":"https:\/\/www.caririemacao.com\/1\/wp-json\/wp\/v2\/users\/1"}],"replies":[{"embeddable":true,"href":"https:\/\/www.caririemacao.com\/1\/wp-json\/wp\/v2\/comments?post=95515"}],"version-history":[{"count":1,"href":"https:\/\/www.caririemacao.com\/1\/wp-json\/wp\/v2\/posts\/95515\/revisions"}],"predecessor-version":[{"id":95517,"href":"https:\/\/www.caririemacao.com\/1\/wp-json\/wp\/v2\/posts\/95515\/revisions\/95517"}],"wp:featuredmedia":[{"embeddable":true,"href":"https:\/\/www.caririemacao.com\/1\/wp-json\/wp\/v2\/media\/95516"}],"wp:attachment":[{"href":"https:\/\/www.caririemacao.com\/1\/wp-json\/wp\/v2\/media?parent=95515"}],"wp:term":[{"taxonomy":"category","embeddable":true,"href":"https:\/\/www.caririemacao.com\/1\/wp-json\/wp\/v2\/categories?post=95515"},{"taxonomy":"post_tag","embeddable":true,"href":"https:\/\/www.caririemacao.com\/1\/wp-json\/wp\/v2\/tags?post=95515"}],"curies":[{"name":"wp","href":"https:\/\/api.w.org\/{rel}","templated":true}]}}