{"id":95519,"date":"2019-05-17T20:23:19","date_gmt":"2019-05-17T23:23:19","guid":{"rendered":"http:\/\/www.caririemacao.com\/1\/?p=95519"},"modified":"2019-05-17T20:23:19","modified_gmt":"2019-05-17T23:23:19","slug":"projeto-de-lei-quer-que-mulheres-se-afastem-do-trabalho-por-tres-dias-do-mes-durante-menstruacao","status":"publish","type":"post","link":"https:\/\/www.caririemacao.com\/1\/2019\/05\/17\/projeto-de-lei-quer-que-mulheres-se-afastem-do-trabalho-por-tres-dias-do-mes-durante-menstruacao\/","title":{"rendered":"Projeto de lei quer que mulheres se afastem do trabalho por tr\u00eas dias do m\u00eas durante menstrua\u00e7\u00e3o"},"content":{"rendered":"\n<p>O projeto de Lei 1143\/2019 prop\u00f5e que as mulheres possam se afastar do trabalho durante o per\u00edodo menstrual, por at\u00e9 tr\u00eas dias ao m\u00eas, podendo ser exigida a compensa\u00e7\u00e3o de horas n\u00e3o trabalhadas. A proposta do deputado licenciado Carlos Bezerra (MDB-MT), que&nbsp;<a href=\"https:\/\/www.camara.leg.br\/proposicoesWeb\/fichadetramitacao?idProposicao=2193160\">tramita na C\u00e2mara dos Deputados<\/a>, altera a Consolida\u00e7\u00e3o das Leis do Trabalho (CLT \u2013 Decreto-Lei 5.452\/43).&nbsp;<\/p>\n\n\n\n<p>Este projeto \u00e9 uma reapresenta\u00e7\u00e3o de projeto do pr\u00f3prio parlamentar, o PL 6784\/16, que foi arquivado no final da legislatura passada.<br><\/p>\n\n\n\n<p>O parlamentar explicou que a ideia veio de uma empresa brit\u00e2nica que adotou esse tipo de licen\u00e7a. \u201cO afastamento do trabalho durante a menstrua\u00e7\u00e3o tem respaldo cient\u00edfico e \u00e9 defendido por m\u00e9dicos, levando-se em conta as altera\u00e7\u00f5es sofridas pelo corpo feminino durante esse per\u00edodo\u201d, explica Bezerra.<\/p>\n\n\n\n<p>\u201cCerca de 70% das mulheres t\u00eam queda da produtividade do trabalho durante a menstrua\u00e7\u00e3o, causada pelas c\u00f3licas e por outros sintomas associados a elas, como cansa\u00e7o maior que o habitual, incha\u00e7o nas pernas, enjoo, cefaleia, diarreia, dores em outras regi\u00f5es e v\u00f4mito\u201d, lista o parlamentar citando estudo sobre o assunto elaborado pela empresa MedInsight.<\/p>\n\n\n\n<p>Carlos Bezerra acredita que a proposta trar\u00e1 vantagens para as mulheres trabalhadoras e para as empresas, que contar\u00e3o com a for\u00e7a de trabalho feminina nos momentos de maior produtividade.<\/p>\n\n\n\n<p><strong>Tramita\u00e7\u00e3o<\/strong><\/p>\n\n\n\n<p>O projeto tramita em car\u00e1ter conclusivo e ser\u00e1 analisado pelas comiss\u00f5es de Defesa dos Direitos da Mulher; de Desenvolvimento Econ\u00f4mico, Ind\u00fastria, Com\u00e9rcio e Servi\u00e7os; de Trabalho, de Administra\u00e7\u00e3o e Servi\u00e7o P\u00fablico; e de Constitui\u00e7\u00e3o e Justi\u00e7a e de Cidadania.<\/p>\n","protected":false},"excerpt":{"rendered":"<p>O projeto de Lei 1143\/2019 prop\u00f5e que as mulheres possam se afastar do trabalho durante o per\u00edodo menstrual, por at\u00e9 tr\u00eas dias ao m\u00eas, podendo&hellip; <\/p>\n","protected":false},"author":1,"featured_media":95520,"comment_status":"closed","ping_status":"closed","sticky":false,"template":"","format":"standard","meta":{"sfsi_plus_gutenberg_text_before_share":"","sfsi_plus_gutenberg_show_text_before_share":"","sfsi_plus_gutenberg_icon_type":"","sfsi_plus_gutenberg_icon_alignemt":"","sfsi_plus_gutenburg_max_per_row":"","footnotes":""},"categories":[16],"tags":[],"class_list":["post-95519","post","type-post","status-publish","format-standard","has-post-thumbnail","hentry","category-saude"],"_links":{"self":[{"href":"https:\/\/www.caririemacao.com\/1\/wp-json\/wp\/v2\/posts\/95519","targetHints":{"allow":["GET"]}}],"collection":[{"href":"https:\/\/www.caririemacao.com\/1\/wp-json\/wp\/v2\/posts"}],"about":[{"href":"https:\/\/www.caririemacao.com\/1\/wp-json\/wp\/v2\/types\/post"}],"author":[{"embeddable":true,"href":"https:\/\/www.caririemacao.com\/1\/wp-json\/wp\/v2\/users\/1"}],"replies":[{"embeddable":true,"href":"https:\/\/www.caririemacao.com\/1\/wp-json\/wp\/v2\/comments?post=95519"}],"version-history":[{"count":1,"href":"https:\/\/www.caririemacao.com\/1\/wp-json\/wp\/v2\/posts\/95519\/revisions"}],"predecessor-version":[{"id":95521,"href":"https:\/\/www.caririemacao.com\/1\/wp-json\/wp\/v2\/posts\/95519\/revisions\/95521"}],"wp:featuredmedia":[{"embeddable":true,"href":"https:\/\/www.caririemacao.com\/1\/wp-json\/wp\/v2\/media\/95520"}],"wp:attachment":[{"href":"https:\/\/www.caririemacao.com\/1\/wp-json\/wp\/v2\/media?parent=95519"}],"wp:term":[{"taxonomy":"category","embeddable":true,"href":"https:\/\/www.caririemacao.com\/1\/wp-json\/wp\/v2\/categories?post=95519"},{"taxonomy":"post_tag","embeddable":true,"href":"https:\/\/www.caririemacao.com\/1\/wp-json\/wp\/v2\/tags?post=95519"}],"curies":[{"name":"wp","href":"https:\/\/api.w.org\/{rel}","templated":true}]}}