{"id":95523,"date":"2019-05-17T20:26:09","date_gmt":"2019-05-17T23:26:09","guid":{"rendered":"http:\/\/www.caririemacao.com\/1\/?p=95523"},"modified":"2019-05-17T20:26:09","modified_gmt":"2019-05-17T23:26:09","slug":"ufcg-vai-ofertar-mais-de-1-500-vagas-em-35-cursos-no-sisu-2019-2","status":"publish","type":"post","link":"https:\/\/www.caririemacao.com\/1\/2019\/05\/17\/ufcg-vai-ofertar-mais-de-1-500-vagas-em-35-cursos-no-sisu-2019-2\/","title":{"rendered":"UFCG vai ofertar mais de 1.500 vagas em 35 cursos no Sisu 2019.2"},"content":{"rendered":"\n<p>A Universidade Federal de Campina Grande (UFCG) vai ofertar 1.535 vagas em 35 cursos atrav\u00e9s do Sistema de Sele\u00e7\u00e3o Unificada (Sisu), no segundo semestre de 2019. As inscri\u00e7\u00f5es no processo seletivo nacional acontecer\u00e3o de 4 a 7 de junho.<\/p>\n\n\n\n<p>O&nbsp;<a href=\"https:\/\/www.clickpb.com.br\/media\/filer_public\/bc\/88\/bc883893-162a-4663-a4d4-52e7ecf58de4\/termo_de_adesao_sisu_20192_ufcg.pdf\">Termo de Ades\u00e3o ao Sisu<\/a>&nbsp;foi publicado nesta sexta-feira (17). Das vagas ofertadas neste segundo semestre, 760 s\u00e3o de ampla concorr\u00eancia e 775 reservadas pela Lei de Cotas, distribu\u00eddas entre 35 cursos de gradua\u00e7\u00e3o nos campi de Campina Grande, Patos, Cajazeiras, Cuit\u00e9 e Pombal.<\/p>\n\n\n\n<p>Poder\u00e3o participar do processo, os estudantes que realizaram o Exame Nacional do Ensino M\u00e9dio (Enem 2018) e que obtiveram nota acima de zero na prova de reda\u00e7\u00e3o.<\/p>\n\n\n\n<p>A m\u00e9dia m\u00ednima para tentar o ingresso em cursos da UFCG \u00e9 400.<\/p>\n","protected":false},"excerpt":{"rendered":"<p>A Universidade Federal de Campina Grande (UFCG) vai ofertar 1.535 vagas em 35 cursos atrav\u00e9s do Sistema de Sele\u00e7\u00e3o Unificada (Sisu), no segundo semestre de&hellip; <\/p>\n","protected":false},"author":1,"featured_media":42596,"comment_status":"closed","ping_status":"closed","sticky":false,"template":"","format":"standard","meta":{"sfsi_plus_gutenberg_text_before_share":"","sfsi_plus_gutenberg_show_text_before_share":"","sfsi_plus_gutenberg_icon_type":"","sfsi_plus_gutenberg_icon_alignemt":"","sfsi_plus_gutenburg_max_per_row":"","footnotes":""},"categories":[14],"tags":[],"class_list":["post-95523","post","type-post","status-publish","format-standard","has-post-thumbnail","hentry","category-educacao"],"_links":{"self":[{"href":"https:\/\/www.caririemacao.com\/1\/wp-json\/wp\/v2\/posts\/95523","targetHints":{"allow":["GET"]}}],"collection":[{"href":"https:\/\/www.caririemacao.com\/1\/wp-json\/wp\/v2\/posts"}],"about":[{"href":"https:\/\/www.caririemacao.com\/1\/wp-json\/wp\/v2\/types\/post"}],"author":[{"embeddable":true,"href":"https:\/\/www.caririemacao.com\/1\/wp-json\/wp\/v2\/users\/1"}],"replies":[{"embeddable":true,"href":"https:\/\/www.caririemacao.com\/1\/wp-json\/wp\/v2\/comments?post=95523"}],"version-history":[{"count":1,"href":"https:\/\/www.caririemacao.com\/1\/wp-json\/wp\/v2\/posts\/95523\/revisions"}],"predecessor-version":[{"id":95524,"href":"https:\/\/www.caririemacao.com\/1\/wp-json\/wp\/v2\/posts\/95523\/revisions\/95524"}],"wp:featuredmedia":[{"embeddable":true,"href":"https:\/\/www.caririemacao.com\/1\/wp-json\/wp\/v2\/media\/42596"}],"wp:attachment":[{"href":"https:\/\/www.caririemacao.com\/1\/wp-json\/wp\/v2\/media?parent=95523"}],"wp:term":[{"taxonomy":"category","embeddable":true,"href":"https:\/\/www.caririemacao.com\/1\/wp-json\/wp\/v2\/categories?post=95523"},{"taxonomy":"post_tag","embeddable":true,"href":"https:\/\/www.caririemacao.com\/1\/wp-json\/wp\/v2\/tags?post=95523"}],"curies":[{"name":"wp","href":"https:\/\/api.w.org\/{rel}","templated":true}]}}