{"id":95537,"date":"2019-05-17T22:29:34","date_gmt":"2019-05-18T01:29:34","guid":{"rendered":"http:\/\/www.caririemacao.com\/1\/?p=95537"},"modified":"2019-05-17T22:29:34","modified_gmt":"2019-05-18T01:29:34","slug":"lula-responde-a-caririzeira-que-realizou-festa-de-aniversario-em-sua-homenagem","status":"publish","type":"post","link":"https:\/\/www.caririemacao.com\/1\/2019\/05\/17\/lula-responde-a-caririzeira-que-realizou-festa-de-aniversario-em-sua-homenagem\/","title":{"rendered":"Lula responde a caririzeira que realizou festa de anivers\u00e1rio em sua homenagem"},"content":{"rendered":"\n<div class=\"wp-block-image\"><figure class=\"aligncenter\"><img decoding=\"async\" data-src=\"http:\/\/deolhonocariri.com.br\/wp-content\/uploads\/2019\/05\/eva_lula-450x600.jpeg\" alt=\"\" class=\"wp-image-67022 lazyload\" src=\"data:image\/svg+xml;base64,PHN2ZyB3aWR0aD0iMSIgaGVpZ2h0PSIxIiB4bWxucz0iaHR0cDovL3d3dy53My5vcmcvMjAwMC9zdmciPjwvc3ZnPg==\" style=\"--smush-placeholder-width: 450px; --smush-placeholder-aspect-ratio: 450\/600;\" \/><\/figure><\/div>\n\n\n\n<p>Ap\u00f3s realizar a festa de 42 anos pedindo a liberdade do ex-presidente Lu\u00eds In\u00e1cio Lula da Silva, o presente da paraibana, de Boa Vista, no Cariri do estado, Evania Sousa, chegou nesta quinta-feira (16) na forma de um bilhete, assinado por Lula de dentro da pris\u00e3o, na sede da Pol\u00edcia Federal, em Curitiba (PR).<\/p>\n\n\n\n<p>\u201cPara a querida Evania com carinho do amigo Lula\u201d, escreveu o ex-presidente na foto da paraibana. No final, ap\u00f3s datar o bilhete, Lula ainda escreveu \u201csem medo de ser feliz\u201d.<\/p>\n\n\n\n<p>A boavistense Evania Sousa carrega a esperan\u00e7a de ver o pol\u00edtico solto e resolveu comemorar seu anivers\u00e1rio de forma diferente. Ciente da repercuss\u00e3o que teria nas redes sociais, positiva e negativa, ela conta que n\u00e3o imaginou que o fato pudesse chegar at\u00e9 o ex-presidente.<\/p>\n\n\n\n<p>Estou aqui tremendo porque n\u00e3o \u00e9 todo mundo que recebe um bilhete carinhoso do melhor presidente que o Brasil j\u00e1 teve.<\/p>\n\n\n\n<p><em>Com M\u00e1rcio Rangel<\/em><\/p>\n","protected":false},"excerpt":{"rendered":"<p>Ap\u00f3s realizar a festa de 42 anos pedindo a liberdade do ex-presidente Lu\u00eds In\u00e1cio Lula da Silva, o presente da paraibana, de Boa Vista, no&hellip; <\/p>\n","protected":false},"author":1,"featured_media":95538,"comment_status":"closed","ping_status":"closed","sticky":false,"template":"","format":"standard","meta":{"sfsi_plus_gutenberg_text_before_share":"","sfsi_plus_gutenberg_show_text_before_share":"","sfsi_plus_gutenberg_icon_type":"","sfsi_plus_gutenberg_icon_alignemt":"","sfsi_plus_gutenburg_max_per_row":"","footnotes":""},"categories":[50,11],"tags":[],"class_list":["post-95537","post","type-post","status-publish","format-standard","has-post-thumbnail","hentry","category-destaque","category-politica"],"_links":{"self":[{"href":"https:\/\/www.caririemacao.com\/1\/wp-json\/wp\/v2\/posts\/95537","targetHints":{"allow":["GET"]}}],"collection":[{"href":"https:\/\/www.caririemacao.com\/1\/wp-json\/wp\/v2\/posts"}],"about":[{"href":"https:\/\/www.caririemacao.com\/1\/wp-json\/wp\/v2\/types\/post"}],"author":[{"embeddable":true,"href":"https:\/\/www.caririemacao.com\/1\/wp-json\/wp\/v2\/users\/1"}],"replies":[{"embeddable":true,"href":"https:\/\/www.caririemacao.com\/1\/wp-json\/wp\/v2\/comments?post=95537"}],"version-history":[{"count":1,"href":"https:\/\/www.caririemacao.com\/1\/wp-json\/wp\/v2\/posts\/95537\/revisions"}],"predecessor-version":[{"id":95539,"href":"https:\/\/www.caririemacao.com\/1\/wp-json\/wp\/v2\/posts\/95537\/revisions\/95539"}],"wp:featuredmedia":[{"embeddable":true,"href":"https:\/\/www.caririemacao.com\/1\/wp-json\/wp\/v2\/media\/95538"}],"wp:attachment":[{"href":"https:\/\/www.caririemacao.com\/1\/wp-json\/wp\/v2\/media?parent=95537"}],"wp:term":[{"taxonomy":"category","embeddable":true,"href":"https:\/\/www.caririemacao.com\/1\/wp-json\/wp\/v2\/categories?post=95537"},{"taxonomy":"post_tag","embeddable":true,"href":"https:\/\/www.caririemacao.com\/1\/wp-json\/wp\/v2\/tags?post=95537"}],"curies":[{"name":"wp","href":"https:\/\/api.w.org\/{rel}","templated":true}]}}