{"id":95549,"date":"2019-05-18T08:40:54","date_gmt":"2019-05-18T11:40:54","guid":{"rendered":"http:\/\/www.caririemacao.com\/1\/?p=95549"},"modified":"2019-05-18T08:40:54","modified_gmt":"2019-05-18T11:40:54","slug":"26-trechos-de-21-praias-no-litoral-da-paraiba-devem-ser-evitados-por-banhistas-durante-esta-semana","status":"publish","type":"post","link":"https:\/\/www.caririemacao.com\/1\/2019\/05\/18\/26-trechos-de-21-praias-no-litoral-da-paraiba-devem-ser-evitados-por-banhistas-durante-esta-semana\/","title":{"rendered":"26 trechos de 21 praias no Litoral da Para\u00edba devem ser evitados por banhistas durante esta semana"},"content":{"rendered":"\n<p>Os banhistas e frequentadores do Litoral paraibano dever\u00e3o evitar 26 trechos de 21 praias durante esta semana, conforme alerta a Superintend\u00eancia de Administra\u00e7\u00e3o do Meio Ambiente (Sudema) em relat\u00f3rio emitido pelo laborat\u00f3rio da Coordenadoria de Medi\u00e7\u00f5es Ambientais (CMA). J\u00e1 em outras 35 praias, a qualidade da \u00e1gua varia entre excelente, muito boa e satisfat\u00f3ria.<\/p>\n\n\n\n<p>A Sudema recomenda que os banhistas fiquem distante cerca de 100 metros \u00e0 direita e \u00e0 esquerda dos trechos apontados como impr\u00f3prios, al\u00e9m de evitar trechos de praias localizados em \u00e1reas frontais a desembocaduras de galerias de \u00e1guas pluviais, principalmente se houver ind\u00edcio de escoamento recente. O pr\u00f3ximo relat\u00f3rio ser\u00e1 emitido no dia 24 de Maio.<\/p>\n\n\n\n<p><strong>Praia do Bessa&nbsp;<\/strong><\/p>\n\n\n\n<p>Na Capital, est\u00e3o impr\u00f3prias para o banho a Praia do Bessa I, no trecho localizado na Avenida Presidente Afonso Pena, pr\u00f3ximo ao Macei\u00f3; a Praia do Caribessa, no final da Rua Dr. Abel Beltr\u00e3o, junto \u00e0 desembocadura da galeria pluvial;&nbsp;<\/p>\n\n\n\n<p><strong>Praia de Mana\u00edra<\/strong><\/p>\n\n\n\n<p>Devem ser evitados os trechos da Praia de Mana\u00edra, em frente \u00e0 quadra de Mana\u00edra e nas proximidades do n\u00ba 315, na Avenida Jo\u00e3o Maur\u00edcio, e tamb\u00e9m pr\u00f3ximo \u00e0 galeria pluvial no final da Ruy Carneiro.<\/p>\n\n\n\n<p><strong>&nbsp;Praia de Cabo Branco<\/strong><\/p>\n\n\n\n<p>Ainda em Jo\u00e3o Pessoa, na Praia de Cabo Branco, deve-se evitar o banho em tr\u00eas trechos: em frente \u00e0 Rua \u00c1urea, pr\u00f3ximo \u00e0 galeria pluvial; nas proximidades da rotat\u00f3ria da Avenida Cabo Branco e no trecho em frente \u00e0 desembocadura da galeria de \u00e1gua pluvial.&nbsp;<\/p>\n\n\n\n<p><strong>Praia do Seixas<\/strong><\/p>\n\n\n\n<p>J\u00e1 na Praia do Seixas, est\u00e1 impr\u00f3prio o trecho pr\u00f3ximo \u00e0 desembocadura da galeria pluvial na Rua dos Pescadores.&nbsp;<\/p>\n\n\n\n<p><strong>Praia da Penha<\/strong><\/p>\n\n\n\n<p>Na Praia da Penha, evitar o banho pr\u00f3ximo \u00e0 desembocadura do Rio Aratu e da desembocadura do Rio do Cabelo.&nbsp;<\/p>\n\n\n\n<p><strong>Praia de Jacarap\u00e9<\/strong><\/p>\n\n\n\n<p>Na Praia de Jacarap\u00e9, deve ser evitado o trecho em frente \u00e0 desembocadura do Rio Jacarap\u00e9.&nbsp;<\/p>\n\n\n\n<p><strong>Praia do Arraial<\/strong><\/p>\n\n\n\n<p>Na Praia do Arraial, os banhistas devem evitar o trecho em frente \u00e0 desembocadura do Rio Cui\u00e1.<\/p>\n\n\n\n<p><strong>&nbsp;Praia do Jacar\u00e9<\/strong><\/p>\n\n\n\n<p>No munic\u00edpio de Cabedelo, a Praia do Jacar\u00e9 n\u00e3o est\u00e1 apropriada para o banho no trecho \u00e0 direita do estu\u00e1rio do Rio Para\u00edba.<\/p>\n\n\n\n<p><strong>Praia de Camboinha<\/strong><\/p>\n\n\n\n<p>Na Praia de Camboinha, deve ser evitado o trecho na Rua Ben\u00edcio de Oliveira, pr\u00f3ximo \u00e0 desembocadura da galeria pluvial;&nbsp;<\/p>\n\n\n\n<p><strong>Praia de Ponta de Campina<\/strong><\/p>\n\n\n\n<p>Deve ser evitado na Praia de Ponta de Campina, o trecho nas proximidades da galeria de \u00e1guas pluviais que desemboca no mar;&nbsp;<\/p>\n\n\n\n<p><strong>Praia de Formosa<\/strong><\/p>\n\n\n\n<p>Na Praia de Formosa, banhistas devem evitar trecho no final da Rua Monsenhor Jos\u00e9 Coutinho da Silva;&nbsp;<\/p>\n\n\n\n<p><strong>Praia de Areia Dourada<\/strong><\/p>\n\n\n\n<p>Na Praia de Areia Dourada, evitar banho ao final da Rua Projetada.<\/p>\n\n\n\n<p><strong>Pitimbu<\/strong><\/p>\n\n\n\n<p>Em Pitimbu, a recomenda\u00e7\u00e3o se aplica a seis trechos: na Praia de Pitimbu, nas proximidades do final da Rua da Paz; na Praia do Macei\u00f3, no trecho de frente \u00e0 desembocadura do Riacho Engenho Velho; na Praia de Aca\u00fa\/Pontinha, pr\u00f3ximo ao Rio Goiana; na Praia da Guarita, nas imedia\u00e7\u00f5es da desembocadura da lagoa; na Praia do Azul\/Santa Rita, no trecho nas proximidades da desembocadura das galerias de \u00e1guas pluviais, e na Praia dos Coqueiros, na Rua Almirante Tamandar\u00e9 em frente ao n\u00ba 1292.<\/p>\n\n\n\n<p><strong>&nbsp;Lucena<\/strong><\/p>\n\n\n\n<p>Na orla do munic\u00edpio de Lucena, na Praia de Bonsucesso, deve-se evitar o banho ao fim da Rua Mariano de Souza Falc\u00e3o. Na Praia de Ponta de Lucena, o trecho pr\u00f3ximo ao n\u00ba 1555 da Rodovia PB 008 est\u00e1 impr\u00f3prio para banho. Por \u00faltimo, na Praia de Gameleira, na proximidade da desembocadura do riacho Ara\u00e7\u00e1 na Rua Porf\u00edrio Guedes Lucena.<\/p>\n","protected":false},"excerpt":{"rendered":"<p>Os banhistas e frequentadores do Litoral paraibano dever\u00e3o evitar 26 trechos de 21 praias durante esta semana, conforme alerta a Superintend\u00eancia de Administra\u00e7\u00e3o do Meio&hellip; <\/p>\n","protected":false},"author":1,"featured_media":95550,"comment_status":"closed","ping_status":"closed","sticky":false,"template":"","format":"standard","meta":{"sfsi_plus_gutenberg_text_before_share":"","sfsi_plus_gutenberg_show_text_before_share":"","sfsi_plus_gutenberg_icon_type":"","sfsi_plus_gutenberg_icon_alignemt":"","sfsi_plus_gutenburg_max_per_row":"","footnotes":""},"categories":[6],"tags":[],"class_list":["post-95549","post","type-post","status-publish","format-standard","has-post-thumbnail","hentry","category-cidades"],"_links":{"self":[{"href":"https:\/\/www.caririemacao.com\/1\/wp-json\/wp\/v2\/posts\/95549","targetHints":{"allow":["GET"]}}],"collection":[{"href":"https:\/\/www.caririemacao.com\/1\/wp-json\/wp\/v2\/posts"}],"about":[{"href":"https:\/\/www.caririemacao.com\/1\/wp-json\/wp\/v2\/types\/post"}],"author":[{"embeddable":true,"href":"https:\/\/www.caririemacao.com\/1\/wp-json\/wp\/v2\/users\/1"}],"replies":[{"embeddable":true,"href":"https:\/\/www.caririemacao.com\/1\/wp-json\/wp\/v2\/comments?post=95549"}],"version-history":[{"count":1,"href":"https:\/\/www.caririemacao.com\/1\/wp-json\/wp\/v2\/posts\/95549\/revisions"}],"predecessor-version":[{"id":95551,"href":"https:\/\/www.caririemacao.com\/1\/wp-json\/wp\/v2\/posts\/95549\/revisions\/95551"}],"wp:featuredmedia":[{"embeddable":true,"href":"https:\/\/www.caririemacao.com\/1\/wp-json\/wp\/v2\/media\/95550"}],"wp:attachment":[{"href":"https:\/\/www.caririemacao.com\/1\/wp-json\/wp\/v2\/media?parent=95549"}],"wp:term":[{"taxonomy":"category","embeddable":true,"href":"https:\/\/www.caririemacao.com\/1\/wp-json\/wp\/v2\/categories?post=95549"},{"taxonomy":"post_tag","embeddable":true,"href":"https:\/\/www.caririemacao.com\/1\/wp-json\/wp\/v2\/tags?post=95549"}],"curies":[{"name":"wp","href":"https:\/\/api.w.org\/{rel}","templated":true}]}}