{"id":95555,"date":"2019-05-18T08:51:47","date_gmt":"2019-05-18T11:51:47","guid":{"rendered":"http:\/\/www.caririemacao.com\/1\/?p=95555"},"modified":"2019-05-18T08:51:47","modified_gmt":"2019-05-18T11:51:47","slug":"tite-afirma-que-neymar-errou-e-nao-o-confirma-como-capitao-na-selecao","status":"publish","type":"post","link":"https:\/\/www.caririemacao.com\/1\/2019\/05\/18\/tite-afirma-que-neymar-errou-e-nao-o-confirma-como-capitao-na-selecao\/","title":{"rendered":"Tite afirma que Neymar errou e n\u00e3o o confirma como capit\u00e3o na sele\u00e7\u00e3o"},"content":{"rendered":"\n<p>Rio de Janeiro RJ (FOLHPRESS) \u2013 Ao confirmar a convoca\u00e7\u00e3o de Neymar para a Copa Am\u00e9rica, Tite evitou falar sobre o comportamento recente de Neymar -que agrediu um torcedor na Fran\u00e7a e criticou companheiros de PSG- e n\u00e3o quis nem comentar um poss\u00edvel encontro com o presidente da Rep\u00fablica, Jair Bolsonaro (PSL). O t\u00e9cnico divulgou a lista de 23 atletas que disputar\u00e3o o torneio no Brasil.<\/p>\n\n\n\n<p>\u201cNeymar errou. Por educa\u00e7\u00e3o, a conversa que eu, enquanto t\u00e9cnico, vou ter com ele por uma quest\u00e3o de educa\u00e7\u00e3o e princ\u00edpios, primeiro eu converso com ele, assim como conversei com Douglas Costa e vou conversar&nbsp;com o Paquet\u00e1\u201d, afirmou Tite.<\/p>\n\n\n\n<p>Ap\u00f3s insist\u00eancia da pergunta por parte dos jornalistas, o treinador afirmou que n\u00e3o ia se manifestar antes de conversar com Neymar. \u201cEu gosto que as pessoas falem comigo, n\u00e3o por telefone, e n\u00e3o vou falar quando n\u00e3o quero. Vou falar com Neymar e depois falo com voc\u00eas\u201d, afirmou Tite,<\/p>\n\n\n\n<p>\u201cEntendo, respeitosamente guardo a pergunta e respondo no momento oportuno,&nbsp;deixo meu compromisso depois de conversar com ele\u201d, continuou.<\/p>\n\n\n\n<p>Ao ouvir que a atitude&nbsp;de Neymar era semelhante com Douglas Costa, em jogo pela Juventus (ITA),&nbsp;que foi advertido por Tite ap\u00f3s cusparada em um advers\u00e1rio no futebol europeu, o treinador n\u00e3o gostou.<\/p>\n\n\n\n<p>\u201cQuando foi colocado para mim a rela\u00e7\u00e3o Douglas Costa eu falei que n\u00e3o era por telefone e, sim, pessoal. Eu respondi que foi por les\u00e3o e pelo problema que aconteceu. Conversei com ele pessoalmente. Foi pelos dois. N\u00e3o retiro a indisciplina da coisa.<\/p>\n\n\n\n<p>Coloco \u00e0 disposi\u00e7\u00e3o para ter o cuidado das coisas corretas como elas verdadeiramente s\u00e3o. S\u00f3 para deixar as coisas claras, uma igualdade e equidade. Toda minha passagem como t\u00e9cnico me credencia a falar dessa forma\u201d, desabafou Tite.<\/p>\n\n\n\n<p>Em outro momento, ao ser questionado por um rep\u00f3rter sobre as brigas de Neymar com companheiros de PSG, o treinador&nbsp;disse que daria ao jornalista a chance de fazer uma nova quest\u00e3o, pois n\u00e3o gostaria de falar novamente sobre um tema que n\u00e3o quer abordar. O profissional de imprensa, por\u00e9m, passou a vez de perguntar.<\/p>\n\n\n\n<figure class=\"wp-block-image\"><img decoding=\"async\" data-src=\"https:\/\/paraibaonline.com.br\/wp-content\/uploads\/2018\/08\/tite-nova-567x318.jpg\" alt=\"Foto: reprodu\u00e7\u00e3o\/TV CBF\" class=\"wp-image-489256 lazyload\" src=\"data:image\/svg+xml;base64,PHN2ZyB3aWR0aD0iMSIgaGVpZ2h0PSIxIiB4bWxucz0iaHR0cDovL3d3dy53My5vcmcvMjAwMC9zdmciPjwvc3ZnPg==\" style=\"--smush-placeholder-width: 567px; --smush-placeholder-aspect-ratio: 567\/318;\" \/><\/figure>\n\n\n\n<p>Foto: reprodu\u00e7\u00e3o\/TV CBF<\/p>\n\n\n\n<p>A sele\u00e7\u00e3o brasileira estreia no dia 14 de junho, contra a Bol\u00edvia, no Morumbi. \u201cFoi a lista mais dif\u00edcil que eu tive at\u00e9 hoje para fechar. N\u00e3o dormi, nem minha esposa conseguiu ajudar, mas est\u00e1 a\u00ed essa sequ\u00eancia que tem objetivos de oportunidade, atletas jovens, surgindo emergentes, com atletas que j\u00e1 participaram\u201d, disse Tite.<\/p>\n\n\n\n<p>O t\u00e9cnico n\u00e3o respondeu ao ser questionado se aceitaria se encontrar com o presidente da Rep\u00fablica, Jair Bolsonaro, antes do torneio.&nbsp;A sele\u00e7\u00e3o brasileira enfrenta o Qatar no dia 5 de junho, no Est\u00e1dio Man\u00e9 Garrincha, em Bras\u00edlia.<\/p>\n\n\n\n<p>\u201cN\u00f3s gostar\u00edamos de jogar no Maracan\u00e3 e o outro local seria Bras\u00edlia. Na programa\u00e7\u00e3o n\u00e3o tem nada veiculado a encontro [com Bolsonaro]. Tem a participa\u00e7\u00e3o de apenas jogarmos, e isso a gente vai fazer. N\u00e3o tem programa\u00e7\u00e3o nenhuma\u201d, disse o treinador.<\/p>\n\n\n\n<p>Em dezembro de 2017, ap\u00f3s o sorteio dos grupos da Copa do Mundo,&nbsp;Tite&nbsp;foi questionado pela&nbsp;Folha sobre como se sentiria ao lado do ent\u00e3o presidente Michel Temer (PMDB), caso a delega\u00e7\u00e3o brasileira fosse a Bras\u00edlia antes de embarcar para a R\u00fassia.<\/p>\n\n\n\n<p>\u201cN\u00e3o me sentiria \u00e0 vontade com nenhum pol\u00edtico. O meu meio \u00e9 o futebol\u201d, disse o treinador.<\/p>\n\n\n\n<p>Confira as datas e hor\u00e1rios dos jogos do Brasil na fase de grupos:<br>14\/6 \u2013 Brasil&nbsp;x&nbsp;Bol\u00edvia, em S\u00e3o Paulo, \u00e0s 21h30 (de Bras\u00edlia)<br>18\/6 \u2013 Brasil&nbsp;x&nbsp;Venezuela, em Salvador, \u00e0s 21h30 (de Bras\u00edlia)<br>22\/6 \u2013 Peru&nbsp;x&nbsp;Brasil, em S\u00e3o Paulo, \u00e0s 16h (de Bras\u00edlia)<\/p>\n","protected":false},"excerpt":{"rendered":"<p>Rio de Janeiro RJ (FOLHPRESS) \u2013 Ao confirmar a convoca\u00e7\u00e3o de Neymar para a Copa Am\u00e9rica, Tite evitou falar sobre o comportamento recente de Neymar&hellip; <\/p>\n","protected":false},"author":1,"featured_media":43921,"comment_status":"closed","ping_status":"closed","sticky":false,"template":"","format":"standard","meta":{"sfsi_plus_gutenberg_text_before_share":"","sfsi_plus_gutenberg_show_text_before_share":"","sfsi_plus_gutenberg_icon_type":"","sfsi_plus_gutenberg_icon_alignemt":"","sfsi_plus_gutenburg_max_per_row":"","footnotes":""},"categories":[13],"tags":[],"class_list":["post-95555","post","type-post","status-publish","format-standard","has-post-thumbnail","hentry","category-esportes"],"_links":{"self":[{"href":"https:\/\/www.caririemacao.com\/1\/wp-json\/wp\/v2\/posts\/95555","targetHints":{"allow":["GET"]}}],"collection":[{"href":"https:\/\/www.caririemacao.com\/1\/wp-json\/wp\/v2\/posts"}],"about":[{"href":"https:\/\/www.caririemacao.com\/1\/wp-json\/wp\/v2\/types\/post"}],"author":[{"embeddable":true,"href":"https:\/\/www.caririemacao.com\/1\/wp-json\/wp\/v2\/users\/1"}],"replies":[{"embeddable":true,"href":"https:\/\/www.caririemacao.com\/1\/wp-json\/wp\/v2\/comments?post=95555"}],"version-history":[{"count":1,"href":"https:\/\/www.caririemacao.com\/1\/wp-json\/wp\/v2\/posts\/95555\/revisions"}],"predecessor-version":[{"id":95556,"href":"https:\/\/www.caririemacao.com\/1\/wp-json\/wp\/v2\/posts\/95555\/revisions\/95556"}],"wp:featuredmedia":[{"embeddable":true,"href":"https:\/\/www.caririemacao.com\/1\/wp-json\/wp\/v2\/media\/43921"}],"wp:attachment":[{"href":"https:\/\/www.caririemacao.com\/1\/wp-json\/wp\/v2\/media?parent=95555"}],"wp:term":[{"taxonomy":"category","embeddable":true,"href":"https:\/\/www.caririemacao.com\/1\/wp-json\/wp\/v2\/categories?post=95555"},{"taxonomy":"post_tag","embeddable":true,"href":"https:\/\/www.caririemacao.com\/1\/wp-json\/wp\/v2\/tags?post=95555"}],"curies":[{"name":"wp","href":"https:\/\/api.w.org\/{rel}","templated":true}]}}