{"id":95559,"date":"2019-05-18T09:00:08","date_gmt":"2019-05-18T12:00:08","guid":{"rendered":"http:\/\/www.caririemacao.com\/1\/?p=95559"},"modified":"2019-05-18T09:00:08","modified_gmt":"2019-05-18T12:00:08","slug":"governo-da-paraiba-retifica-concurso-para-professor-e-reabre-prazo-para-pedir-isencao-de-inscricao","status":"publish","type":"post","link":"https:\/\/www.caririemacao.com\/1\/2019\/05\/18\/governo-da-paraiba-retifica-concurso-para-professor-e-reabre-prazo-para-pedir-isencao-de-inscricao\/","title":{"rendered":"Governo da Para\u00edba retifica concurso para professor e reabre prazo para pedir isen\u00e7\u00e3o de inscri\u00e7\u00e3o"},"content":{"rendered":"\n<p>O edital do concurso p\u00fablico com vagas para o Magist\u00e9rio foi retificado pela Secretaria de Educa\u00e7\u00e3o da Para\u00edba e o prazo de solicita\u00e7\u00e3o de isen\u00e7\u00e3o de taxa de inscri\u00e7\u00e3o foi reaberto. As modifica\u00e7\u00f5es foram publicadas na edi\u00e7\u00e3o deste s\u00e1bado (18) do Di\u00e1rio Oficial do Estado.<\/p>\n\n\n\n<p>De acordo com o novo cronograma apurado pelo ClickPB, o prazo de solicita\u00e7\u00e3o da taxa de inscri\u00e7\u00e3o ser\u00e1 reaberto a partir da pr\u00f3xima ter\u00e7a-feira (21) e segue at\u00e9 as 23h59 do dia 23 de maio, pr\u00f3xima quarta-feira. Anteriormente, o prazo havia se encerrado no dia 30 de abril. A divulga\u00e7\u00e3o final do deferimento dos pedidos de isen\u00e7\u00e3o da taxa de inscri\u00e7\u00e3o p\u00f3s-recurso est\u00e1 prevista para 31 de maio.<\/p>\n\n\n\n<figure class=\"wp-block-image\"><img decoding=\"async\" data-src=\"https:\/\/www.clickpb.com.br\/media\/filer_public\/23\/bb\/23bb84f5-752a-4887-a4e6-d6cac91b14e2\/concurso_magisterio_alteracao_inscricoes.png\" alt=\"\" src=\"data:image\/svg+xml;base64,PHN2ZyB3aWR0aD0iMSIgaGVpZ2h0PSIxIiB4bWxucz0iaHR0cDovL3d3dy53My5vcmcvMjAwMC9zdmciPjwvc3ZnPg==\" class=\"lazyload\" \/><\/figure>\n\n\n\n<p>A modifica\u00e7\u00e3o no prazo de solicita\u00e7\u00e3o de isen\u00e7\u00e3o da taxa acontece devido \u00e0 inclus\u00e3o da Licenciatura em Educa\u00e7\u00e3o do Campo nos pr\u00e9-requisitos das vagas ofertadas para os candidatos. Al\u00e9m disso, tamb\u00e9m foram foram modificados os conte\u00fados program\u00e1ticos de Legisla\u00e7\u00e3o B\u00e1sica em Educa\u00e7\u00e3o e de Conhecimentos Espec\u00edficos das disciplinas de Filosofia e Qu\u00edmica.<\/p>\n\n\n\n<p>O per\u00edodo de inscri\u00e7\u00f5es para o concurso com mil vagas para o cargo de professor em diversas \u00e1reas no Estado da Para\u00edba segue at\u00e9 o dia 6 de junho. O sal\u00e1rio inicial oferecido \u00e9 de R$ 2.110,12.<\/p>\n\n\n\n<p>As inscri\u00e7\u00f5es devem ser feitas atrav\u00e9s do site da empresa organizadora,<a href=\"http:\/\/www.institutoaocp.org.br\/concurso.jsp?id=220\">o instituto&nbsp;AOCP<\/a>, e a taxa de inscri\u00e7\u00e3o custa R$ 39.<\/p>\n","protected":false},"excerpt":{"rendered":"<p>O edital do concurso p\u00fablico com vagas para o Magist\u00e9rio foi retificado pela Secretaria de Educa\u00e7\u00e3o da Para\u00edba e o prazo de solicita\u00e7\u00e3o de isen\u00e7\u00e3o&hellip; <\/p>\n","protected":false},"author":1,"featured_media":95560,"comment_status":"closed","ping_status":"closed","sticky":false,"template":"","format":"standard","meta":{"sfsi_plus_gutenberg_text_before_share":"","sfsi_plus_gutenberg_show_text_before_share":"","sfsi_plus_gutenberg_icon_type":"","sfsi_plus_gutenberg_icon_alignemt":"","sfsi_plus_gutenburg_max_per_row":"","footnotes":""},"categories":[11],"tags":[],"class_list":["post-95559","post","type-post","status-publish","format-standard","has-post-thumbnail","hentry","category-politica"],"_links":{"self":[{"href":"https:\/\/www.caririemacao.com\/1\/wp-json\/wp\/v2\/posts\/95559","targetHints":{"allow":["GET"]}}],"collection":[{"href":"https:\/\/www.caririemacao.com\/1\/wp-json\/wp\/v2\/posts"}],"about":[{"href":"https:\/\/www.caririemacao.com\/1\/wp-json\/wp\/v2\/types\/post"}],"author":[{"embeddable":true,"href":"https:\/\/www.caririemacao.com\/1\/wp-json\/wp\/v2\/users\/1"}],"replies":[{"embeddable":true,"href":"https:\/\/www.caririemacao.com\/1\/wp-json\/wp\/v2\/comments?post=95559"}],"version-history":[{"count":1,"href":"https:\/\/www.caririemacao.com\/1\/wp-json\/wp\/v2\/posts\/95559\/revisions"}],"predecessor-version":[{"id":95561,"href":"https:\/\/www.caririemacao.com\/1\/wp-json\/wp\/v2\/posts\/95559\/revisions\/95561"}],"wp:featuredmedia":[{"embeddable":true,"href":"https:\/\/www.caririemacao.com\/1\/wp-json\/wp\/v2\/media\/95560"}],"wp:attachment":[{"href":"https:\/\/www.caririemacao.com\/1\/wp-json\/wp\/v2\/media?parent=95559"}],"wp:term":[{"taxonomy":"category","embeddable":true,"href":"https:\/\/www.caririemacao.com\/1\/wp-json\/wp\/v2\/categories?post=95559"},{"taxonomy":"post_tag","embeddable":true,"href":"https:\/\/www.caririemacao.com\/1\/wp-json\/wp\/v2\/tags?post=95559"}],"curies":[{"name":"wp","href":"https:\/\/api.w.org\/{rel}","templated":true}]}}