{"id":95562,"date":"2019-05-18T09:03:51","date_gmt":"2019-05-18T12:03:51","guid":{"rendered":"http:\/\/www.caririemacao.com\/1\/?p=95562"},"modified":"2019-05-18T09:03:51","modified_gmt":"2019-05-18T12:03:51","slug":"vereador-denuncia-prefeito-por-acumular-a-prefeitura-com-cargo-na-ufcg-e-ganhar-r-1935-mil","status":"publish","type":"post","link":"https:\/\/www.caririemacao.com\/1\/2019\/05\/18\/vereador-denuncia-prefeito-por-acumular-a-prefeitura-com-cargo-na-ufcg-e-ganhar-r-1935-mil\/","title":{"rendered":"Vereador denuncia prefeito por acumular a prefeitura com cargo na UFCG e ganhar R$ 193,5 mil"},"content":{"rendered":"\n<p>Os membros da 2\u00aa C\u00e2mara do Tribunal de Coontas da Para\u00edba (TCE-PB) julgaram procedente den\u00fancia contra o prefeito de Olho D\u2019\u00c1gua, Genoilton Jo\u00e3o de Carvalho Almeida, por ac\u00famulo de cargos na administra\u00e7\u00e3o p\u00fablica.<br><\/p>\n\n\n\n<p>A den\u00fancia foi apresentada pelo vereador Weslley Willy Carvalho Caldas. O prefeito teria acumulado de forma irregular os cargos de prefeito e professor da Universidade Federal de Campina Grande.<\/p>\n\n\n\n<p>&#8220;A unidade t\u00e9cnica desta Corte de Contas, em relat\u00f3rio inicial de fls. 24\/26, considerou procedente a den\u00fancia, uma vez que o gestor do Munic\u00edpio recebeu mensalmente o valor de R$ 13.000,00, referente ao subs\u00eddio de prefeito, bem como o sal\u00e1rio de R$ 11.149,09 como professor da Universidade Federal de Campina Grande at\u00e9 meados de julho de 2018&#8221;, diz o TCE.<\/p>\n\n\n\n<p>O prefeito apresentou defesa &#8220;onde ele comprova que se encontra aposentado da UFCG desde o dia 16\/11\/2018&#8221;. Mas a Auditoria emitiu novo relat\u00f3rio, mantendo o seu entendimento inicial e destacando que, no per\u00edodo de janeiro a outubro de 2018, o denunciado recebeu os valores de R$ 104.000,00 e R$ 89.545,88 concernentes ao subs\u00eddio de prefeito e ao sal\u00e1rio de professor universit\u00e1rio, respectivamente.<\/p>\n\n\n\n<p>Os autos foram encaminhados ao Minist\u00e9rio P\u00fablico Especial junto ao TCE, e a procuradora Elvira Samara Pereira de Oliveira, emitiu parecer pela \u201cproced\u00eancia da<br>den\u00fancia, sem maiores consect\u00e1rios, vez que a situa\u00e7\u00e3o irregular n\u00e3o mais existe, recomendando, contudo, \u00e0 gest\u00e3o municipal de Olho D\u2019\u00c1gua se alertar para evitar a<br>ocorr\u00eancia de acumula\u00e7\u00f5es ilegais de cargos p\u00fablicos.<\/p>\n\n\n\n<p>Em seu voto, o relator, conselheiro Arthur Cunha Lima,&nbsp;acolheu a den\u00fancia. Segundo ele, como Genoilton se aposentou da UFCG em novembro de 2018 e &#8220;n\u00e3o foi suscitada qualquer restri\u00e7\u00e3o ao efetivo exerc\u00edcio dos cargos, que justificasse poss\u00edvel imputa\u00e7\u00e3o de d\u00e9bito, acosto-me integralmente ao posicionamento ministerial&#8221;. A 2\u00aa C\u00e2mara votou pelo conhecimento da den\u00fancia, pela proced\u00eancia, recomenda\u00e7\u00e3o ao prefeito para n\u00e3o repetir a impropriedade detectada no processo, evitando a ocorr\u00eancia de acumula\u00e7\u00f5es de cargos p\u00fablicos, e arquivamento dos autos.<\/p>\n","protected":false},"excerpt":{"rendered":"<p>Os membros da 2\u00aa C\u00e2mara do Tribunal de Coontas da Para\u00edba (TCE-PB) julgaram procedente den\u00fancia contra o prefeito de Olho D\u2019\u00c1gua, Genoilton Jo\u00e3o de Carvalho&hellip; <\/p>\n","protected":false},"author":1,"featured_media":95563,"comment_status":"closed","ping_status":"closed","sticky":false,"template":"","format":"standard","meta":{"sfsi_plus_gutenberg_text_before_share":"","sfsi_plus_gutenberg_show_text_before_share":"","sfsi_plus_gutenberg_icon_type":"","sfsi_plus_gutenberg_icon_alignemt":"","sfsi_plus_gutenburg_max_per_row":"","footnotes":""},"categories":[2],"tags":[],"class_list":["post-95562","post","type-post","status-publish","format-standard","has-post-thumbnail","hentry","category-geral"],"_links":{"self":[{"href":"https:\/\/www.caririemacao.com\/1\/wp-json\/wp\/v2\/posts\/95562","targetHints":{"allow":["GET"]}}],"collection":[{"href":"https:\/\/www.caririemacao.com\/1\/wp-json\/wp\/v2\/posts"}],"about":[{"href":"https:\/\/www.caririemacao.com\/1\/wp-json\/wp\/v2\/types\/post"}],"author":[{"embeddable":true,"href":"https:\/\/www.caririemacao.com\/1\/wp-json\/wp\/v2\/users\/1"}],"replies":[{"embeddable":true,"href":"https:\/\/www.caririemacao.com\/1\/wp-json\/wp\/v2\/comments?post=95562"}],"version-history":[{"count":1,"href":"https:\/\/www.caririemacao.com\/1\/wp-json\/wp\/v2\/posts\/95562\/revisions"}],"predecessor-version":[{"id":95564,"href":"https:\/\/www.caririemacao.com\/1\/wp-json\/wp\/v2\/posts\/95562\/revisions\/95564"}],"wp:featuredmedia":[{"embeddable":true,"href":"https:\/\/www.caririemacao.com\/1\/wp-json\/wp\/v2\/media\/95563"}],"wp:attachment":[{"href":"https:\/\/www.caririemacao.com\/1\/wp-json\/wp\/v2\/media?parent=95562"}],"wp:term":[{"taxonomy":"category","embeddable":true,"href":"https:\/\/www.caririemacao.com\/1\/wp-json\/wp\/v2\/categories?post=95562"},{"taxonomy":"post_tag","embeddable":true,"href":"https:\/\/www.caririemacao.com\/1\/wp-json\/wp\/v2\/tags?post=95562"}],"curies":[{"name":"wp","href":"https:\/\/api.w.org\/{rel}","templated":true}]}}