{"id":95566,"date":"2019-05-18T09:09:09","date_gmt":"2019-05-18T12:09:09","guid":{"rendered":"http:\/\/www.caririemacao.com\/1\/?p=95566"},"modified":"2019-05-18T09:09:09","modified_gmt":"2019-05-18T12:09:09","slug":"jovem-colide-com-parede-de-parque-de-vaquejada-e-morre-em-cidade-do-cariri","status":"publish","type":"post","link":"https:\/\/www.caririemacao.com\/1\/2019\/05\/18\/jovem-colide-com-parede-de-parque-de-vaquejada-e-morre-em-cidade-do-cariri\/","title":{"rendered":"Jovem colide com parede de parque de vaquejada e morre em cidade do Cariri"},"content":{"rendered":"\n<p>Um acidente foi registrado na madrugada deste s\u00e1bado(18), em estrada na cidade de Camala\u00fa, no cariri paraibano.<\/p>\n\n\n\n<p>Segundo informa\u00e7\u00f5es apuradas pela nossa reportagem, a jovem camalauense, Raline Campos. vinha de uma festa em sua motocicleta quando perdeu o controle do ve\u00edculo e colidiu com a parede do parque de vaquejada Z\u00e9 Tourinho.<\/p>\n\n\n\n<p>A&nbsp; jovem n\u00e3o n\u00e3o resistiu ao acidente e veio a \u00f3bito no local do acidente.<\/p>\n","protected":false},"excerpt":{"rendered":"<p>Um acidente foi registrado na madrugada deste s\u00e1bado(18), em estrada na cidade de Camala\u00fa, no cariri paraibano. Segundo informa\u00e7\u00f5es apuradas pela nossa reportagem, a jovem&hellip; <\/p>\n","protected":false},"author":1,"featured_media":95567,"comment_status":"closed","ping_status":"closed","sticky":false,"template":"","format":"standard","meta":{"sfsi_plus_gutenberg_text_before_share":"","sfsi_plus_gutenberg_show_text_before_share":"","sfsi_plus_gutenberg_icon_type":"","sfsi_plus_gutenberg_icon_alignemt":"","sfsi_plus_gutenburg_max_per_row":"","footnotes":""},"categories":[50,2],"tags":[],"class_list":["post-95566","post","type-post","status-publish","format-standard","has-post-thumbnail","hentry","category-destaque","category-geral"],"_links":{"self":[{"href":"https:\/\/www.caririemacao.com\/1\/wp-json\/wp\/v2\/posts\/95566","targetHints":{"allow":["GET"]}}],"collection":[{"href":"https:\/\/www.caririemacao.com\/1\/wp-json\/wp\/v2\/posts"}],"about":[{"href":"https:\/\/www.caririemacao.com\/1\/wp-json\/wp\/v2\/types\/post"}],"author":[{"embeddable":true,"href":"https:\/\/www.caririemacao.com\/1\/wp-json\/wp\/v2\/users\/1"}],"replies":[{"embeddable":true,"href":"https:\/\/www.caririemacao.com\/1\/wp-json\/wp\/v2\/comments?post=95566"}],"version-history":[{"count":1,"href":"https:\/\/www.caririemacao.com\/1\/wp-json\/wp\/v2\/posts\/95566\/revisions"}],"predecessor-version":[{"id":95568,"href":"https:\/\/www.caririemacao.com\/1\/wp-json\/wp\/v2\/posts\/95566\/revisions\/95568"}],"wp:featuredmedia":[{"embeddable":true,"href":"https:\/\/www.caririemacao.com\/1\/wp-json\/wp\/v2\/media\/95567"}],"wp:attachment":[{"href":"https:\/\/www.caririemacao.com\/1\/wp-json\/wp\/v2\/media?parent=95566"}],"wp:term":[{"taxonomy":"category","embeddable":true,"href":"https:\/\/www.caririemacao.com\/1\/wp-json\/wp\/v2\/categories?post=95566"},{"taxonomy":"post_tag","embeddable":true,"href":"https:\/\/www.caririemacao.com\/1\/wp-json\/wp\/v2\/tags?post=95566"}],"curies":[{"name":"wp","href":"https:\/\/api.w.org\/{rel}","templated":true}]}}