{"id":95570,"date":"2019-05-18T09:38:28","date_gmt":"2019-05-18T12:38:28","guid":{"rendered":"http:\/\/www.caririemacao.com\/1\/?p=95570"},"modified":"2019-05-18T09:38:28","modified_gmt":"2019-05-18T12:38:28","slug":"prefeitura-de-ouro-velho-adquire-mais-05-computadores-para-o-conselho-tutelar","status":"publish","type":"post","link":"https:\/\/www.caririemacao.com\/1\/2019\/05\/18\/prefeitura-de-ouro-velho-adquire-mais-05-computadores-para-o-conselho-tutelar\/","title":{"rendered":"Prefeitura de Ouro Velho adquire mais 05 computadores para o conselho tutelar"},"content":{"rendered":"\n<p>Atrav\u00e9s de uma articula\u00e7\u00e3o da prefeita Nat\u00e1lia de Dr. J\u00fanior, o Conselho Tutelar de Ouro Velho recebeu na manh\u00e3 de deste s\u00e1bado (18) cinco computadores, concedido pelo programa de Fortalecimento do Sistema de Garantia de Direitos da Crian\u00e7a e do Adolescente, do Minist\u00e9rio dos Direitos Humanos.<\/p>\n\n\n\n<p>Os computadores que foram recebidos pelo munic\u00edpio ser\u00e3o de uso exclusivo do Conselho Tutelar. Esta a\u00e7\u00e3o tem por objetivo apoiar as prefeituras municipais nos processos de qualifica\u00e7\u00e3o da rede local, fortalecer os Conselhos Tutelares enquanto \u00f3rg\u00e3os estrat\u00e9gicos do Sistema de Garantia de Direitos e fomentar o acesso e o uso do Sistema de Informa\u00e7\u00f5es para Inf\u00e2ncia e Adolesc\u00eancia junto aos conselheiros tutelares.<\/p>\n\n\n\n<p>A prefeita Nat\u00e1lia, nos falou a import\u00e2ncia que ser\u00e1 para o conselho tutelar, a vinda desses computadores \u201c\u00c9 muito importante, pois com eles, os conselheiros poder\u00e3o se relacionar melhor com a popula\u00e7\u00e3o, criar um canal de intera\u00e7\u00e3o com o cidad\u00e3o atrav\u00e9s da internet, j\u00e1 que vivemos em um mundo extremamente conectado com as redes sociais\u201d pontuou a prefeita Nat\u00e1lia.<\/p>\n\n\n\n<p><strong>Confira as fotos dos computadores:<\/strong><\/p>\n\n\n\n<figure class=\"wp-block-image\"><img decoding=\"async\" data-src=\"https:\/\/www.politicaparahyba.com.br\/wp-content\/uploads\/2019\/05\/fcdc9562-e006-4a83-b89a-0d5f60a7369d-225x300.jpg\" alt=\"\" class=\"wp-image-5104 lazyload\" src=\"data:image\/svg+xml;base64,PHN2ZyB3aWR0aD0iMSIgaGVpZ2h0PSIxIiB4bWxucz0iaHR0cDovL3d3dy53My5vcmcvMjAwMC9zdmciPjwvc3ZnPg==\" style=\"--smush-placeholder-width: 225px; --smush-placeholder-aspect-ratio: 225\/300;\" \/><\/figure>\n\n\n\n<figure class=\"wp-block-image\"><img decoding=\"async\" data-src=\"https:\/\/www.politicaparahyba.com.br\/wp-content\/uploads\/2019\/05\/fcdc9562-e006-4a83-b89a-0d5f60a7369d-225x300.jpg\" alt=\"\" class=\"wp-image-5104 lazyload\" src=\"data:image\/svg+xml;base64,PHN2ZyB3aWR0aD0iMSIgaGVpZ2h0PSIxIiB4bWxucz0iaHR0cDovL3d3dy53My5vcmcvMjAwMC9zdmciPjwvc3ZnPg==\" style=\"--smush-placeholder-width: 225px; --smush-placeholder-aspect-ratio: 225\/300;\" \/><figcaption>Pol\u00edticaparayba<\/figcaption><\/figure>\n","protected":false},"excerpt":{"rendered":"<p>Atrav\u00e9s de uma articula\u00e7\u00e3o da prefeita Nat\u00e1lia de Dr. J\u00fanior, o Conselho Tutelar de Ouro Velho recebeu na manh\u00e3 de deste s\u00e1bado (18) cinco computadores,&hellip; <\/p>\n","protected":false},"author":1,"featured_media":95571,"comment_status":"closed","ping_status":"closed","sticky":false,"template":"","format":"standard","meta":{"sfsi_plus_gutenberg_text_before_share":"","sfsi_plus_gutenberg_show_text_before_share":"","sfsi_plus_gutenberg_icon_type":"","sfsi_plus_gutenberg_icon_alignemt":"","sfsi_plus_gutenburg_max_per_row":"","footnotes":""},"categories":[2],"tags":[],"class_list":["post-95570","post","type-post","status-publish","format-standard","has-post-thumbnail","hentry","category-geral"],"_links":{"self":[{"href":"https:\/\/www.caririemacao.com\/1\/wp-json\/wp\/v2\/posts\/95570","targetHints":{"allow":["GET"]}}],"collection":[{"href":"https:\/\/www.caririemacao.com\/1\/wp-json\/wp\/v2\/posts"}],"about":[{"href":"https:\/\/www.caririemacao.com\/1\/wp-json\/wp\/v2\/types\/post"}],"author":[{"embeddable":true,"href":"https:\/\/www.caririemacao.com\/1\/wp-json\/wp\/v2\/users\/1"}],"replies":[{"embeddable":true,"href":"https:\/\/www.caririemacao.com\/1\/wp-json\/wp\/v2\/comments?post=95570"}],"version-history":[{"count":1,"href":"https:\/\/www.caririemacao.com\/1\/wp-json\/wp\/v2\/posts\/95570\/revisions"}],"predecessor-version":[{"id":95572,"href":"https:\/\/www.caririemacao.com\/1\/wp-json\/wp\/v2\/posts\/95570\/revisions\/95572"}],"wp:featuredmedia":[{"embeddable":true,"href":"https:\/\/www.caririemacao.com\/1\/wp-json\/wp\/v2\/media\/95571"}],"wp:attachment":[{"href":"https:\/\/www.caririemacao.com\/1\/wp-json\/wp\/v2\/media?parent=95570"}],"wp:term":[{"taxonomy":"category","embeddable":true,"href":"https:\/\/www.caririemacao.com\/1\/wp-json\/wp\/v2\/categories?post=95570"},{"taxonomy":"post_tag","embeddable":true,"href":"https:\/\/www.caririemacao.com\/1\/wp-json\/wp\/v2\/tags?post=95570"}],"curies":[{"name":"wp","href":"https:\/\/api.w.org\/{rel}","templated":true}]}}