{"id":95581,"date":"2019-05-18T13:14:18","date_gmt":"2019-05-18T16:14:18","guid":{"rendered":"http:\/\/www.caririemacao.com\/1\/?p=95581"},"modified":"2019-05-18T13:14:18","modified_gmt":"2019-05-18T16:14:18","slug":"treze-recebe-nautico-para-tentar-primeira-vitoria-na-serie-c","status":"publish","type":"post","link":"https:\/\/www.caririemacao.com\/1\/2019\/05\/18\/treze-recebe-nautico-para-tentar-primeira-vitoria-na-serie-c\/","title":{"rendered":"Treze recebe N\u00e1utico para tentar primeira vit\u00f3ria na S\u00e9rie C"},"content":{"rendered":"\n<p>Com o objetivo de vencer a primeira partida na S\u00e9rie C do Campeonato Brasileiro, o Treze entra em campo logo mais, \u00e0s 19h15, no Amig\u00e3o, para encarar o N\u00e1utico, pela quarta rodada do Grupo A.<\/p>\n\n\n\n<p>A diretoria alvinegra espera um grande p\u00fablico no Colosso da Borborema.<\/p>\n\n\n\n<p>Para a peleja, o t\u00e9cnico Fl\u00e1vio Ara\u00fajo tem o retorno do camisa 10 Marcelinho Para\u00edba, que ontem completou 44 anos.<\/p>\n\n\n\n<p>A tend\u00eancia \u00e9 que o treinador opte pelo meia Viny no lugar do volante Patrick, deixando a equipe mais ofensiva.<\/p>\n\n\n\n<p>Na oitava coloca\u00e7\u00e3o, com tr\u00eas pontos, o Galo segue invicto e pode entrar no G-4 em caso de vit\u00f3ria.<\/p>\n\n\n\n<p>N\u00e1utico<\/p>\n\n\n\n<p>Reabilitado na temporada ap\u00f3s a chegada do t\u00e9cnico Gilmar Dal Pozzo e classifica\u00e7\u00e3o para a Copa do Nordeste 2020, o N\u00e1utico desembarcou em Campina Grande refor\u00e7ado.<\/p>\n\n\n\n<p>O meia Danilo Pires est\u00e1 recuperado e deve ficar como op\u00e7\u00e3o no banco.<\/p>\n\n\n\n<p>Sem op\u00e7\u00e3o para a lateral esquerda, j\u00e1 que Assis segue fora de combate, Dal Pozzo vai manter o volante Matheus Carvalho na posi\u00e7\u00e3o.<\/p>\n\n\n\n<p>Arbitragem<\/p>\n\n\n\n<p>Douglas Marques das Flores, de S\u00e3o Paulo, apita Treze x N\u00e1utico. Seus assistentes ser\u00e3o Luiz Alberto Andrini e Evandro de Melo Lima, ambos tamb\u00e9m paulistas.<\/p>\n\n\n\n<p>Prov\u00e1veis escala\u00e7\u00f5es<\/p>\n\n\n\n<p>Treze: Mauro Iguatu, Edy, Italo, Anderson Penna e Silva; Coppetti, Juninho, Vini (J\u00falio Pacato) e Marcelinho Para\u00edba. Gil e Eduardo. T\u00e9cnico: Fl\u00e1vio Ara\u00fajo.<\/p>\n\n\n\n<p>N\u00e1utico: Bruno, Andr\u00e9 Krobel, Camutanga, Sueliton e Matheus Carvalho; Josa, Jimenez e Luiz Henrique; Thiago, Odil\u00e1vio e Wallace Pernambucano. T\u00e9cnico: Gilmar Dal Pozzo.<\/p>\n","protected":false},"excerpt":{"rendered":"<p>Com o objetivo de vencer a primeira partida na S\u00e9rie C do Campeonato Brasileiro, o Treze entra em campo logo mais, \u00e0s 19h15, no Amig\u00e3o,&hellip; <\/p>\n","protected":false},"author":1,"featured_media":95582,"comment_status":"closed","ping_status":"closed","sticky":false,"template":"","format":"standard","meta":{"sfsi_plus_gutenberg_text_before_share":"","sfsi_plus_gutenberg_show_text_before_share":"","sfsi_plus_gutenberg_icon_type":"","sfsi_plus_gutenberg_icon_alignemt":"","sfsi_plus_gutenburg_max_per_row":"","footnotes":""},"categories":[13],"tags":[],"class_list":["post-95581","post","type-post","status-publish","format-standard","has-post-thumbnail","hentry","category-esportes"],"_links":{"self":[{"href":"https:\/\/www.caririemacao.com\/1\/wp-json\/wp\/v2\/posts\/95581","targetHints":{"allow":["GET"]}}],"collection":[{"href":"https:\/\/www.caririemacao.com\/1\/wp-json\/wp\/v2\/posts"}],"about":[{"href":"https:\/\/www.caririemacao.com\/1\/wp-json\/wp\/v2\/types\/post"}],"author":[{"embeddable":true,"href":"https:\/\/www.caririemacao.com\/1\/wp-json\/wp\/v2\/users\/1"}],"replies":[{"embeddable":true,"href":"https:\/\/www.caririemacao.com\/1\/wp-json\/wp\/v2\/comments?post=95581"}],"version-history":[{"count":1,"href":"https:\/\/www.caririemacao.com\/1\/wp-json\/wp\/v2\/posts\/95581\/revisions"}],"predecessor-version":[{"id":95583,"href":"https:\/\/www.caririemacao.com\/1\/wp-json\/wp\/v2\/posts\/95581\/revisions\/95583"}],"wp:featuredmedia":[{"embeddable":true,"href":"https:\/\/www.caririemacao.com\/1\/wp-json\/wp\/v2\/media\/95582"}],"wp:attachment":[{"href":"https:\/\/www.caririemacao.com\/1\/wp-json\/wp\/v2\/media?parent=95581"}],"wp:term":[{"taxonomy":"category","embeddable":true,"href":"https:\/\/www.caririemacao.com\/1\/wp-json\/wp\/v2\/categories?post=95581"},{"taxonomy":"post_tag","embeddable":true,"href":"https:\/\/www.caririemacao.com\/1\/wp-json\/wp\/v2\/tags?post=95581"}],"curies":[{"name":"wp","href":"https:\/\/api.w.org\/{rel}","templated":true}]}}