{"id":95584,"date":"2019-05-18T13:23:38","date_gmt":"2019-05-18T16:23:38","guid":{"rendered":"http:\/\/www.caririemacao.com\/1\/?p=95584"},"modified":"2019-05-18T13:23:38","modified_gmt":"2019-05-18T16:23:38","slug":"futebol-amador-do-cariri-e-tema-de-revista","status":"publish","type":"post","link":"https:\/\/www.caririemacao.com\/1\/2019\/05\/18\/futebol-amador-do-cariri-e-tema-de-revista\/","title":{"rendered":"Futebol amador do Cariri \u00e9 tema de revista"},"content":{"rendered":"\n<figure class=\"wp-block-image\"><a href=\"https:\/\/i0.wp.com\/www.maispb.com.br\/wp-content\/uploads\/2019\/05\/IMG-20190518-WA0000.jpg?fit=565%2C800&amp;quality=90&amp;strip=all&amp;ssl=1\"><img decoding=\"async\" data-src=\"https:\/\/i0.wp.com\/www.maispb.com.br\/wp-content\/uploads\/2019\/05\/IMG-20190518-WA0000.jpg?fit=212%2C300&amp;quality=90&amp;strip=all&amp;ssl=1\" alt=\"\" src=\"data:image\/svg+xml;base64,PHN2ZyB3aWR0aD0iMSIgaGVpZ2h0PSIxIiB4bWxucz0iaHR0cDovL3d3dy53My5vcmcvMjAwMC9zdmciPjwvc3ZnPg==\" class=\"lazyload\" \/><\/a><\/figure>\n\n\n\n<p>Ser\u00e1 lan\u00e7ado neste domingo (19) o resultado da pesquisa sobre a hist\u00f3ria dos times de futebol amador da regi\u00e3o do Cariri paraibano. No evento, que ser\u00e1 realizado em Boa Vista, haver\u00e1 o lan\u00e7amento oficial da \u201cRevista Fotogr\u00e1fica Conhecendo o Cariri: times de futebol amador\u201d.<\/p>\n\n\n\n<p>Idealizado pelo ativista cultural Fl\u00e1vio Alex Farias, natural de Boa Vista, o projeto que resultou com a edi\u00e7\u00e3o da revista utilizou as cita\u00e7\u00f5es e informa\u00e7\u00f5es de mais de 2.500 pessoas de 46 munic\u00edpios da regi\u00e3o e re\u00fane mais de 230 registros fotogr\u00e1ficos, tornando-se o maior acervo sobre a tem\u00e1tica.<\/p>\n\n\n\n<p>\u201cO trabalho de pesquisa foi longo e muito recheado de informa\u00e7\u00f5es, o que resultou numa revista com um grande acervo e dados in\u00e9ditos de todos os munic\u00edpios que formaram o antigo Cariri paraibano\u201d lembra Fl\u00e1vio Farias, coordenador do projeto \u201cBoa Vista conta Hist\u00f3ria\u201d e chefe da divis\u00e3o de cultura da Prefeitura Municipal de Boa Vista.<\/p>\n\n\n\n<p>O projeto re\u00fane alunos do ensino fundamental e m\u00e9dio de escolas p\u00fablicas de Boa Vista e desenvolve a produ\u00e7\u00e3o audiovisual com registros de depoimentos e personagens que marcaram a hist\u00f3ria e contribu\u00edram para o fortalecimento da cultura e da sociedade da regi\u00e3o. Apoiam este projeto a Prefeitura Municipal de Boa Vista e a Universidade Federal de Campina Grande, atrav\u00e9s da Prof\u00aa Dra. Soahd A. R. Farias.<\/p>\n\n\n\n<p>\u201cAssim como Boa Vista, atletas de diversos outros munic\u00edpios foram destaque no futebol e isso foi e ainda \u00e9 motivo de muito orgulho para todos, este projeto re\u00fane todas essas hist\u00f3rias de forma clara e completa de um esporte que \u00e9 uma grande paix\u00e3o nacional, e sendo este resultado fruto do trabalho de boavistenses o orgulho \u00e9 maior ainda\u201d revela Andr\u00e9 Gomes, prefeito de Boa Vista.<\/p>\n\n\n\n<p>A cerim\u00f4nia de lan\u00e7amento ocorrer\u00e1 na C\u00e2mara Municipal de Boa Vista e o Instituto Hist\u00f3rico e Geogr\u00e1fico do Cariri (IHGC) realizar\u00e1 uma homenagem aos pesquisadores\/colaboradores de cada munic\u00edpio e a ex-atletas que se consagraram destaques do esporte.<\/p>\n\n\n\n<p><strong>MaisPB<\/strong><\/p>\n","protected":false},"excerpt":{"rendered":"<p>Ser\u00e1 lan\u00e7ado neste domingo (19) o resultado da pesquisa sobre a hist\u00f3ria dos times de futebol amador da regi\u00e3o do Cariri paraibano. No evento, que&hellip; <\/p>\n","protected":false},"author":1,"featured_media":95585,"comment_status":"closed","ping_status":"closed","sticky":false,"template":"","format":"standard","meta":{"sfsi_plus_gutenberg_text_before_share":"","sfsi_plus_gutenberg_show_text_before_share":"","sfsi_plus_gutenberg_icon_type":"","sfsi_plus_gutenberg_icon_alignemt":"","sfsi_plus_gutenburg_max_per_row":"","footnotes":""},"categories":[13],"tags":[],"class_list":["post-95584","post","type-post","status-publish","format-standard","has-post-thumbnail","hentry","category-esportes"],"_links":{"self":[{"href":"https:\/\/www.caririemacao.com\/1\/wp-json\/wp\/v2\/posts\/95584","targetHints":{"allow":["GET"]}}],"collection":[{"href":"https:\/\/www.caririemacao.com\/1\/wp-json\/wp\/v2\/posts"}],"about":[{"href":"https:\/\/www.caririemacao.com\/1\/wp-json\/wp\/v2\/types\/post"}],"author":[{"embeddable":true,"href":"https:\/\/www.caririemacao.com\/1\/wp-json\/wp\/v2\/users\/1"}],"replies":[{"embeddable":true,"href":"https:\/\/www.caririemacao.com\/1\/wp-json\/wp\/v2\/comments?post=95584"}],"version-history":[{"count":1,"href":"https:\/\/www.caririemacao.com\/1\/wp-json\/wp\/v2\/posts\/95584\/revisions"}],"predecessor-version":[{"id":95586,"href":"https:\/\/www.caririemacao.com\/1\/wp-json\/wp\/v2\/posts\/95584\/revisions\/95586"}],"wp:featuredmedia":[{"embeddable":true,"href":"https:\/\/www.caririemacao.com\/1\/wp-json\/wp\/v2\/media\/95585"}],"wp:attachment":[{"href":"https:\/\/www.caririemacao.com\/1\/wp-json\/wp\/v2\/media?parent=95584"}],"wp:term":[{"taxonomy":"category","embeddable":true,"href":"https:\/\/www.caririemacao.com\/1\/wp-json\/wp\/v2\/categories?post=95584"},{"taxonomy":"post_tag","embeddable":true,"href":"https:\/\/www.caririemacao.com\/1\/wp-json\/wp\/v2\/tags?post=95584"}],"curies":[{"name":"wp","href":"https:\/\/api.w.org\/{rel}","templated":true}]}}