{"id":95590,"date":"2019-05-18T13:35:16","date_gmt":"2019-05-18T16:35:16","guid":{"rendered":"http:\/\/www.caririemacao.com\/1\/?p=95590"},"modified":"2019-05-18T13:35:16","modified_gmt":"2019-05-18T16:35:16","slug":"bebe-de-cinco-meses-e-agredida-ate-a-morte-por-ser-menina","status":"publish","type":"post","link":"https:\/\/www.caririemacao.com\/1\/2019\/05\/18\/bebe-de-cinco-meses-e-agredida-ate-a-morte-por-ser-menina\/","title":{"rendered":"Beb\u00ea de cinco meses \u00e9 agredida at\u00e9 a morte por ser menina"},"content":{"rendered":"\n<p>Augusto Silva da Cruz, 23 anos, teria agredido a pr\u00f3pria filha de cinco meses pelo fato de n\u00e3o aceitar o g\u00eanero da crian\u00e7a. D\u00e9bora Maria Sales da Silva deu entrada no Hospital Petronila Campos, no Parque Capibaribe, em S\u00e3o Louren\u00e7o da Mata, desacordada e com m\u00faltiplos hematomas na manh\u00e3 da sexta-feira (17), dois dias depois de ser espancada na casa da fam\u00edlia, na Rua S\u00edtio Caj\u00e1.<\/p>\n\n\n\n<p>A equipe m\u00e9dica ainda conseguiu reanimar a crian\u00e7a, que foi transferida para o Hospital da Restaura\u00e7\u00e3o (HR), no Recife. No entanto, o beb\u00ea n\u00e3o resistiu aos ferimentos e morreu a caminho do HR. Augusto foi preso horas depois e conduzido \u00e0 delegacia do munic\u00edpio.<\/p>\n\n\n\n<p>De acordo com a Pol\u00edcia Civil, Silv\u00e2nia Maria Viana, a m\u00e3e da crian\u00e7a. informou que as agress\u00f5es eram recorrentes h\u00e1 pelo menos tr\u00eas meses. A&nbsp;conselheira tutelar Elisama Fernandes, respons\u00e1vel pelo caso, informou que a menina chegou ao Petronila com hematomas por todo corpo, inclusive na face, desacordada nos bra\u00e7os de uma vizinha, acompanhada pela m\u00e3e da crian\u00e7a. \u201cEla foi direto para a sala de reanima\u00e7\u00e3o. Os m\u00e9dicos passaram 30 minutos tentando reanim\u00e1-la\u201d, relatou a conselheira.<\/p>\n\n\n\n<p>A transfer\u00eancia para o HR, segundo Elisama, n\u00e3o contou com a presen\u00e7a da m\u00e3e. \u201cEla teve que permanecer em S\u00e3o Louren\u00e7o para que o agressor pudesse ser identificado\u201d, disse.&nbsp; Em sua primeira vers\u00e3o na conversa com a conselheira, a m\u00e3e teria relatado que deu um suco \u00e0 crian\u00e7a que estava no ber\u00e7o, saiu para estender roupas e ao retornar a crian\u00e7a havia ca\u00eddo e estava desacordada.<\/p>\n\n\n\n<p>\u201cOs m\u00e9dicos, no entanto, j\u00e1 haviam informado que os hematomas eram sinais de maus-tratos, n\u00e3o podiam ser de uma queda\u201d, explicou Elisama. Posteriormente, a m\u00e3e da crian\u00e7a relatou ent\u00e3o que o pai n\u00e3o aceitava o g\u00eanero do beb\u00ea. Que vinha agredindo a crian\u00e7a h\u00e1 tr\u00eas meses, e que a \u00faltima vez havia sido na quarta-feira (15), no entanto a crian\u00e7a s\u00f3 foi socorrida na sexta (17).<\/p>\n\n\n\n<p>Segundo a conselheira tutelar, a m\u00e3e da crian\u00e7a disse que n\u00e3o p\u00f4de realizar o socorro antes porque o marido n\u00e3o permitiu. \u201cEla afirma que ele a prendia em casa. O local \u00e9 de dif\u00edcil acesso, ent\u00e3o ela aproveitou que uma vizinha passou com um carro, e a aus\u00eancia dele, para socorrer a crian\u00e7a\u201d, contou Elisama.<\/p>\n\n\n\n<p>A resid\u00eancia da fam\u00edlia, segundo moradores da regi\u00e3o, foi destru\u00edda por vizinhos que ficaram revoltados com a hist\u00f3ria. Um inqu\u00e9rito foi instaurado para apurar o caso, e averiguar se houve omiss\u00e3o de socorro por parte da m\u00e3e.<\/p>\n\n\n\n<p><em>Reda\u00e7\u00e3o Para\u00edba Debate com OP9<\/em><\/p>\n","protected":false},"excerpt":{"rendered":"<p>Augusto Silva da Cruz, 23 anos, teria agredido a pr\u00f3pria filha de cinco meses pelo fato de n\u00e3o aceitar o g\u00eanero da crian\u00e7a. D\u00e9bora Maria&hellip; <\/p>\n","protected":false},"author":1,"featured_media":95591,"comment_status":"closed","ping_status":"closed","sticky":false,"template":"","format":"standard","meta":{"sfsi_plus_gutenberg_text_before_share":"","sfsi_plus_gutenberg_show_text_before_share":"","sfsi_plus_gutenberg_icon_type":"","sfsi_plus_gutenberg_icon_alignemt":"","sfsi_plus_gutenburg_max_per_row":"","footnotes":""},"categories":[50,12],"tags":[],"class_list":["post-95590","post","type-post","status-publish","format-standard","has-post-thumbnail","hentry","category-destaque","category-policia"],"_links":{"self":[{"href":"https:\/\/www.caririemacao.com\/1\/wp-json\/wp\/v2\/posts\/95590","targetHints":{"allow":["GET"]}}],"collection":[{"href":"https:\/\/www.caririemacao.com\/1\/wp-json\/wp\/v2\/posts"}],"about":[{"href":"https:\/\/www.caririemacao.com\/1\/wp-json\/wp\/v2\/types\/post"}],"author":[{"embeddable":true,"href":"https:\/\/www.caririemacao.com\/1\/wp-json\/wp\/v2\/users\/1"}],"replies":[{"embeddable":true,"href":"https:\/\/www.caririemacao.com\/1\/wp-json\/wp\/v2\/comments?post=95590"}],"version-history":[{"count":1,"href":"https:\/\/www.caririemacao.com\/1\/wp-json\/wp\/v2\/posts\/95590\/revisions"}],"predecessor-version":[{"id":95592,"href":"https:\/\/www.caririemacao.com\/1\/wp-json\/wp\/v2\/posts\/95590\/revisions\/95592"}],"wp:featuredmedia":[{"embeddable":true,"href":"https:\/\/www.caririemacao.com\/1\/wp-json\/wp\/v2\/media\/95591"}],"wp:attachment":[{"href":"https:\/\/www.caririemacao.com\/1\/wp-json\/wp\/v2\/media?parent=95590"}],"wp:term":[{"taxonomy":"category","embeddable":true,"href":"https:\/\/www.caririemacao.com\/1\/wp-json\/wp\/v2\/categories?post=95590"},{"taxonomy":"post_tag","embeddable":true,"href":"https:\/\/www.caririemacao.com\/1\/wp-json\/wp\/v2\/tags?post=95590"}],"curies":[{"name":"wp","href":"https:\/\/api.w.org\/{rel}","templated":true}]}}