{"id":95611,"date":"2019-05-18T17:01:15","date_gmt":"2019-05-18T20:01:15","guid":{"rendered":"http:\/\/www.caririemacao.com\/1\/?p=95611"},"modified":"2019-05-18T17:01:15","modified_gmt":"2019-05-18T20:01:15","slug":"motorista-da-prefeitura-de-monteiro-perde-controle-de-caminhao-e-cai-em-barranco-na-br-230","status":"publish","type":"post","link":"https:\/\/www.caririemacao.com\/1\/2019\/05\/18\/motorista-da-prefeitura-de-monteiro-perde-controle-de-caminhao-e-cai-em-barranco-na-br-230\/","title":{"rendered":"Motorista da Prefeitura de Monteiro perde controle de Caminh\u00e3o e cai em barranco na BR-230"},"content":{"rendered":"\n<p>Um Motorista da prefeitura de Monteiro sofreu uma acidente neste s\u00e1bado (18), na BR-230 na Para\u00edba.<\/p>\n\n\n\n<p>De acordo com informa\u00e7\u00f5es, o motorista saiu de Monteiro no Cariri com destino a Jo\u00e3o Pessoa, quando teria perdido o controle do ve\u00edculo na BR-230 e ca\u00eddo no barranco, ap\u00f3s desvia de um carro. Ele n\u00e3o ficou ferido.<\/p>\n\n\n\n<p>OPIPOCO<\/p>\n\n\n\n<div class=\"wp-block-image\"><figure class=\"aligncenter\"><img decoding=\"async\" data-src=\"http:\/\/hora1pb.com.br\/wp-content\/uploads\/2019\/05\/0AECDC7F-359F-41FD-802D-B1497AC997A1.jpeg\" alt=\"\" class=\"wp-image-14156 lazyload\" src=\"data:image\/svg+xml;base64,PHN2ZyB3aWR0aD0iMSIgaGVpZ2h0PSIxIiB4bWxucz0iaHR0cDovL3d3dy53My5vcmcvMjAwMC9zdmciPjwvc3ZnPg==\" \/><\/figure><\/div>\n\n\n\n<div class=\"wp-block-image\"><figure class=\"aligncenter\"><img decoding=\"async\" data-src=\"http:\/\/hora1pb.com.br\/wp-content\/uploads\/2019\/05\/3203EBE3-93D4-4DB4-8007-401BC1ABA9FA.jpeg\" alt=\"\" class=\"wp-image-14155 lazyload\" src=\"data:image\/svg+xml;base64,PHN2ZyB3aWR0aD0iMSIgaGVpZ2h0PSIxIiB4bWxucz0iaHR0cDovL3d3dy53My5vcmcvMjAwMC9zdmciPjwvc3ZnPg==\" \/><\/figure><\/div>\n\n\n\n<div class=\"wp-block-image\"><figure class=\"aligncenter\"><img decoding=\"async\" data-src=\"http:\/\/hora1pb.com.br\/wp-content\/uploads\/2019\/05\/0DBD991C-AB6E-44C9-89B8-4D9EC7A0C923.jpeg\" alt=\"\" class=\"wp-image-14154 lazyload\" src=\"data:image\/svg+xml;base64,PHN2ZyB3aWR0aD0iMSIgaGVpZ2h0PSIxIiB4bWxucz0iaHR0cDovL3d3dy53My5vcmcvMjAwMC9zdmciPjwvc3ZnPg==\" \/><\/figure><\/div>\n\n\n\n<div class=\"wp-block-image\"><figure class=\"aligncenter\"><img decoding=\"async\" data-src=\"http:\/\/hora1pb.com.br\/wp-content\/uploads\/2019\/05\/612FFC38-BAA1-4827-ACF0-20AED300078B.jpeg\" alt=\"\" class=\"wp-image-14153 lazyload\" src=\"data:image\/svg+xml;base64,PHN2ZyB3aWR0aD0iMSIgaGVpZ2h0PSIxIiB4bWxucz0iaHR0cDovL3d3dy53My5vcmcvMjAwMC9zdmciPjwvc3ZnPg==\" \/><\/figure><\/div>\n","protected":false},"excerpt":{"rendered":"<p>Um Motorista da prefeitura de Monteiro sofreu uma acidente neste s\u00e1bado (18), na BR-230 na Para\u00edba. De acordo com informa\u00e7\u00f5es, o motorista saiu de Monteiro&hellip; <\/p>\n","protected":false},"author":1,"featured_media":95612,"comment_status":"closed","ping_status":"closed","sticky":false,"template":"","format":"standard","meta":{"sfsi_plus_gutenberg_text_before_share":"","sfsi_plus_gutenberg_show_text_before_share":"","sfsi_plus_gutenberg_icon_type":"","sfsi_plus_gutenberg_icon_alignemt":"","sfsi_plus_gutenburg_max_per_row":"","footnotes":""},"categories":[6,50],"tags":[],"class_list":["post-95611","post","type-post","status-publish","format-standard","has-post-thumbnail","hentry","category-cidades","category-destaque"],"_links":{"self":[{"href":"https:\/\/www.caririemacao.com\/1\/wp-json\/wp\/v2\/posts\/95611","targetHints":{"allow":["GET"]}}],"collection":[{"href":"https:\/\/www.caririemacao.com\/1\/wp-json\/wp\/v2\/posts"}],"about":[{"href":"https:\/\/www.caririemacao.com\/1\/wp-json\/wp\/v2\/types\/post"}],"author":[{"embeddable":true,"href":"https:\/\/www.caririemacao.com\/1\/wp-json\/wp\/v2\/users\/1"}],"replies":[{"embeddable":true,"href":"https:\/\/www.caririemacao.com\/1\/wp-json\/wp\/v2\/comments?post=95611"}],"version-history":[{"count":1,"href":"https:\/\/www.caririemacao.com\/1\/wp-json\/wp\/v2\/posts\/95611\/revisions"}],"predecessor-version":[{"id":95613,"href":"https:\/\/www.caririemacao.com\/1\/wp-json\/wp\/v2\/posts\/95611\/revisions\/95613"}],"wp:featuredmedia":[{"embeddable":true,"href":"https:\/\/www.caririemacao.com\/1\/wp-json\/wp\/v2\/media\/95612"}],"wp:attachment":[{"href":"https:\/\/www.caririemacao.com\/1\/wp-json\/wp\/v2\/media?parent=95611"}],"wp:term":[{"taxonomy":"category","embeddable":true,"href":"https:\/\/www.caririemacao.com\/1\/wp-json\/wp\/v2\/categories?post=95611"},{"taxonomy":"post_tag","embeddable":true,"href":"https:\/\/www.caririemacao.com\/1\/wp-json\/wp\/v2\/tags?post=95611"}],"curies":[{"name":"wp","href":"https:\/\/api.w.org\/{rel}","templated":true}]}}