{"id":95621,"date":"2019-05-18T17:09:22","date_gmt":"2019-05-18T20:09:22","guid":{"rendered":"http:\/\/www.caririemacao.com\/1\/?p=95621"},"modified":"2019-05-18T17:09:22","modified_gmt":"2019-05-18T20:09:22","slug":"rodrigo-maia-cancela-vinda-a-paraiba","status":"publish","type":"post","link":"https:\/\/www.caririemacao.com\/1\/2019\/05\/18\/rodrigo-maia-cancela-vinda-a-paraiba\/","title":{"rendered":"Rodrigo Maia cancela vinda \u00e0 Para\u00edba"},"content":{"rendered":"\n<p><br>O presidente da C\u00e2mara dos Deputados, Rodrigo Maia (DEM-RJ) cancelou a&nbsp;participa\u00e7\u00e3o que faria neste s\u00e1bado (19) no&nbsp;XVII Congresso Internacional de Direito Constitucional que acontece em Jo\u00e3o Pessoa.<\/p>\n\n\n\n<p>Segundo o deputado federal&nbsp;Efraim Filho, o democrata viria para prestigiar a participa\u00e7\u00e3o da&nbsp;ministra do Supremo Tribunal Federal (STF), C\u00e1rmen L\u00facia no evento, que est\u00e1 sendo sediado&nbsp;no&nbsp;&nbsp;audit\u00f3rio da Pedra do Reino, no centro de Conven\u00e7\u00f5es.&nbsp;&#8220;A&nbsp;inten\u00e7\u00e3o dele era vir prestigiar a Ministra Carmen L\u00facia. Mas n\u00e3o deu por problemas de agenda&#8221;, explicou.<\/p>\n","protected":false},"excerpt":{"rendered":"<p>O presidente da C\u00e2mara dos Deputados, Rodrigo Maia (DEM-RJ) cancelou a&nbsp;participa\u00e7\u00e3o que faria neste s\u00e1bado (19) no&nbsp;XVII Congresso Internacional de Direito Constitucional que acontece em&hellip; <\/p>\n","protected":false},"author":1,"featured_media":95622,"comment_status":"closed","ping_status":"closed","sticky":false,"template":"","format":"standard","meta":{"sfsi_plus_gutenberg_text_before_share":"","sfsi_plus_gutenberg_show_text_before_share":"","sfsi_plus_gutenberg_icon_type":"","sfsi_plus_gutenberg_icon_alignemt":"","sfsi_plus_gutenburg_max_per_row":"","footnotes":""},"categories":[11],"tags":[],"class_list":["post-95621","post","type-post","status-publish","format-standard","has-post-thumbnail","hentry","category-politica"],"_links":{"self":[{"href":"https:\/\/www.caririemacao.com\/1\/wp-json\/wp\/v2\/posts\/95621","targetHints":{"allow":["GET"]}}],"collection":[{"href":"https:\/\/www.caririemacao.com\/1\/wp-json\/wp\/v2\/posts"}],"about":[{"href":"https:\/\/www.caririemacao.com\/1\/wp-json\/wp\/v2\/types\/post"}],"author":[{"embeddable":true,"href":"https:\/\/www.caririemacao.com\/1\/wp-json\/wp\/v2\/users\/1"}],"replies":[{"embeddable":true,"href":"https:\/\/www.caririemacao.com\/1\/wp-json\/wp\/v2\/comments?post=95621"}],"version-history":[{"count":1,"href":"https:\/\/www.caririemacao.com\/1\/wp-json\/wp\/v2\/posts\/95621\/revisions"}],"predecessor-version":[{"id":95623,"href":"https:\/\/www.caririemacao.com\/1\/wp-json\/wp\/v2\/posts\/95621\/revisions\/95623"}],"wp:featuredmedia":[{"embeddable":true,"href":"https:\/\/www.caririemacao.com\/1\/wp-json\/wp\/v2\/media\/95622"}],"wp:attachment":[{"href":"https:\/\/www.caririemacao.com\/1\/wp-json\/wp\/v2\/media?parent=95621"}],"wp:term":[{"taxonomy":"category","embeddable":true,"href":"https:\/\/www.caririemacao.com\/1\/wp-json\/wp\/v2\/categories?post=95621"},{"taxonomy":"post_tag","embeddable":true,"href":"https:\/\/www.caririemacao.com\/1\/wp-json\/wp\/v2\/tags?post=95621"}],"curies":[{"name":"wp","href":"https:\/\/api.w.org\/{rel}","templated":true}]}}