{"id":95631,"date":"2019-05-18T17:38:34","date_gmt":"2019-05-18T20:38:34","guid":{"rendered":"http:\/\/www.caririemacao.com\/1\/?p=95631"},"modified":"2019-05-18T17:38:34","modified_gmt":"2019-05-18T20:38:34","slug":"adolescentes-fogem-de-blitz-da-prf-e-sao-apreendidos","status":"publish","type":"post","link":"https:\/\/www.caririemacao.com\/1\/2019\/05\/18\/adolescentes-fogem-de-blitz-da-prf-e-sao-apreendidos\/","title":{"rendered":"Adolescentes fogem de blitz da PRF e s\u00e3o apreendidos"},"content":{"rendered":"\n<p>Um grupo de adolescentes foi apreendido na tarde deste s\u00e1bado (19) ap\u00f3s fugirem de uma fiscaliza\u00e7\u00e3o da Pol\u00edcia Rodovi\u00e1ria Federal. O caso ocorreu por volta das 16h, no km 11 da BR-230, quando os policiais&nbsp;avistaram uma Hilux branca de placas PGW1900 encostar no acostamento para n\u00e3o passar pela fiscaliza\u00e7\u00e3o, momento em que duas motocicletas PRF foram at\u00e9 o&nbsp;ve\u00edculo para averiguar a situa\u00e7\u00e3o.&nbsp;<\/p>\n\n\n\n<p>Ao perceber que seria abordado, o condutor da Hilux arrancou bruscamente e desobedecendo a ordem de parada, empreendeu fuga adentrando no bairro do Bessa, s\u00f3 parando ap\u00f3s ser fechado pelos policiais.&nbsp;<\/p>\n\n\n\n<p>Segundo a PRF, no trajeto, o condutor da Hilux cometeu diversas infra\u00e7\u00f5es e colocou em risco a vida da equipe policial e de pedestres nas ruas por onde passou.&nbsp;<\/p>\n\n\n\n<p>O condutor da Hilux foi identificado como o menor de 16 anos A.S.A.N. que juntamente com os demais integrantes do ve\u00edculo e a pr\u00f3pria Hilux foram encaminhador para a Delegacia da Inf\u00e2ncia e da Juventude.<\/p>\n","protected":false},"excerpt":{"rendered":"<p>Um grupo de adolescentes foi apreendido na tarde deste s\u00e1bado (19) ap\u00f3s fugirem de uma fiscaliza\u00e7\u00e3o da Pol\u00edcia Rodovi\u00e1ria Federal. O caso ocorreu por volta&hellip; <\/p>\n","protected":false},"author":1,"featured_media":95632,"comment_status":"closed","ping_status":"closed","sticky":false,"template":"","format":"standard","meta":{"sfsi_plus_gutenberg_text_before_share":"","sfsi_plus_gutenberg_show_text_before_share":"","sfsi_plus_gutenberg_icon_type":"","sfsi_plus_gutenberg_icon_alignemt":"","sfsi_plus_gutenburg_max_per_row":"","footnotes":""},"categories":[50,12],"tags":[],"class_list":["post-95631","post","type-post","status-publish","format-standard","has-post-thumbnail","hentry","category-destaque","category-policia"],"_links":{"self":[{"href":"https:\/\/www.caririemacao.com\/1\/wp-json\/wp\/v2\/posts\/95631","targetHints":{"allow":["GET"]}}],"collection":[{"href":"https:\/\/www.caririemacao.com\/1\/wp-json\/wp\/v2\/posts"}],"about":[{"href":"https:\/\/www.caririemacao.com\/1\/wp-json\/wp\/v2\/types\/post"}],"author":[{"embeddable":true,"href":"https:\/\/www.caririemacao.com\/1\/wp-json\/wp\/v2\/users\/1"}],"replies":[{"embeddable":true,"href":"https:\/\/www.caririemacao.com\/1\/wp-json\/wp\/v2\/comments?post=95631"}],"version-history":[{"count":1,"href":"https:\/\/www.caririemacao.com\/1\/wp-json\/wp\/v2\/posts\/95631\/revisions"}],"predecessor-version":[{"id":95633,"href":"https:\/\/www.caririemacao.com\/1\/wp-json\/wp\/v2\/posts\/95631\/revisions\/95633"}],"wp:featuredmedia":[{"embeddable":true,"href":"https:\/\/www.caririemacao.com\/1\/wp-json\/wp\/v2\/media\/95632"}],"wp:attachment":[{"href":"https:\/\/www.caririemacao.com\/1\/wp-json\/wp\/v2\/media?parent=95631"}],"wp:term":[{"taxonomy":"category","embeddable":true,"href":"https:\/\/www.caririemacao.com\/1\/wp-json\/wp\/v2\/categories?post=95631"},{"taxonomy":"post_tag","embeddable":true,"href":"https:\/\/www.caririemacao.com\/1\/wp-json\/wp\/v2\/tags?post=95631"}],"curies":[{"name":"wp","href":"https:\/\/api.w.org\/{rel}","templated":true}]}}