{"id":95638,"date":"2019-05-18T21:18:36","date_gmt":"2019-05-19T00:18:36","guid":{"rendered":"http:\/\/www.caririemacao.com\/1\/?p=95638"},"modified":"2019-05-18T21:18:36","modified_gmt":"2019-05-19T00:18:36","slug":"enem-2019-tem-63-milhoes-de-inscritos","status":"publish","type":"post","link":"https:\/\/www.caririemacao.com\/1\/2019\/05\/18\/enem-2019-tem-63-milhoes-de-inscritos\/","title":{"rendered":"Enem 2019 tem 6,3 milh\u00f5es de inscritos"},"content":{"rendered":"\n<p>O Instituto Nacional de Estudos e Pesquisas Educacionais An\u00edsio Teixeira (Inep) informou que o Exame Nacional do Ensino M\u00e9dio (Enem) registrou 6.384.957 inscritos para a edi\u00e7\u00e3o de 2019. As inscri\u00e7\u00f5es terminaram nessa sexta-feira (17).<\/p>\n\n\n\n<p>Os estudantes t\u00eam at\u00e9 o dia 23 de maio para pagar a taxa, no valor de R$ 85. O total de participantes confirmados ser\u00e1 divulgado no dia 28 deste m\u00eas.<\/p>\n\n\n\n<p>Quem teve direito \u00e0 isen\u00e7\u00e3o do pagamento da taxa e concluiu a inscri\u00e7\u00e3o no prazo tem participa\u00e7\u00e3o garantida. As provas do Enem 2019 ser\u00e3o aplicadas em dois domingos, 3 e 10 de novembro, com quatro provas objetivas e 180 quest\u00f5es, al\u00e9m da reda\u00e7\u00e3o.<\/p>\n\n\n\n<p>O Enem \u00e9 realizado anualmente Inep, vinculado ao Minist\u00e9rio da Educa\u00e7\u00e3o. Em 21 edi\u00e7\u00f5es, o exame recebeu quase 100 milh\u00f5es de inscri\u00e7\u00f5es.<\/p>\n\n\n\n<p>O exame avalia o desempenho do estudante e viabiliza o acesso \u00e0 educa\u00e7\u00e3o superior, por meio do Sistema de Sele\u00e7\u00e3o Unificada (Sisu), do Programa Universidade para Todos (ProUni) e institui\u00e7\u00f5es portuguesas.<\/p>\n","protected":false},"excerpt":{"rendered":"<p>O Instituto Nacional de Estudos e Pesquisas Educacionais An\u00edsio Teixeira (Inep) informou que o Exame Nacional do Ensino M\u00e9dio (Enem) registrou 6.384.957 inscritos para a&hellip; <\/p>\n","protected":false},"author":1,"featured_media":89198,"comment_status":"closed","ping_status":"closed","sticky":false,"template":"","format":"standard","meta":{"sfsi_plus_gutenberg_text_before_share":"","sfsi_plus_gutenberg_show_text_before_share":"","sfsi_plus_gutenberg_icon_type":"","sfsi_plus_gutenberg_icon_alignemt":"","sfsi_plus_gutenburg_max_per_row":"","footnotes":""},"categories":[14],"tags":[],"class_list":["post-95638","post","type-post","status-publish","format-standard","has-post-thumbnail","hentry","category-educacao"],"_links":{"self":[{"href":"https:\/\/www.caririemacao.com\/1\/wp-json\/wp\/v2\/posts\/95638","targetHints":{"allow":["GET"]}}],"collection":[{"href":"https:\/\/www.caririemacao.com\/1\/wp-json\/wp\/v2\/posts"}],"about":[{"href":"https:\/\/www.caririemacao.com\/1\/wp-json\/wp\/v2\/types\/post"}],"author":[{"embeddable":true,"href":"https:\/\/www.caririemacao.com\/1\/wp-json\/wp\/v2\/users\/1"}],"replies":[{"embeddable":true,"href":"https:\/\/www.caririemacao.com\/1\/wp-json\/wp\/v2\/comments?post=95638"}],"version-history":[{"count":1,"href":"https:\/\/www.caririemacao.com\/1\/wp-json\/wp\/v2\/posts\/95638\/revisions"}],"predecessor-version":[{"id":95639,"href":"https:\/\/www.caririemacao.com\/1\/wp-json\/wp\/v2\/posts\/95638\/revisions\/95639"}],"wp:featuredmedia":[{"embeddable":true,"href":"https:\/\/www.caririemacao.com\/1\/wp-json\/wp\/v2\/media\/89198"}],"wp:attachment":[{"href":"https:\/\/www.caririemacao.com\/1\/wp-json\/wp\/v2\/media?parent=95638"}],"wp:term":[{"taxonomy":"category","embeddable":true,"href":"https:\/\/www.caririemacao.com\/1\/wp-json\/wp\/v2\/categories?post=95638"},{"taxonomy":"post_tag","embeddable":true,"href":"https:\/\/www.caririemacao.com\/1\/wp-json\/wp\/v2\/tags?post=95638"}],"curies":[{"name":"wp","href":"https:\/\/api.w.org\/{rel}","templated":true}]}}