{"id":95646,"date":"2019-05-19T08:39:45","date_gmt":"2019-05-19T11:39:45","guid":{"rendered":"http:\/\/www.caririemacao.com\/1\/?p=95646"},"modified":"2019-05-19T08:39:45","modified_gmt":"2019-05-19T11:39:45","slug":"criminosos-roubam-veiculo-e-agridem-condutor-na-cidade-de-sume","status":"publish","type":"post","link":"https:\/\/www.caririemacao.com\/1\/2019\/05\/19\/criminosos-roubam-veiculo-e-agridem-condutor-na-cidade-de-sume\/","title":{"rendered":"Criminosos roubam veiculo e agridem condutor na cidade de Sum\u00e9"},"content":{"rendered":"\n<p>O senhor conhecido por Roberto Pescador teve o seu veiculo Fiesta cor preta \u2013 placa MNY 8922 \u2013 Sum\u00e9 \u2013 PB, tomado por assalto na noite deste \u00faltimo s\u00e1bado(18).<\/p>\n\n\n\n<p>O sumeense Roberto Pescador estava chegando em sua resid\u00eancia no Bairro Carro Quebrado em Sum\u00e9, por volta d\u00e1s 20h, quando dois homens encapuzados e vestidos com roupas camufladas se aproximaram do ve\u00edculo e anunciaram o assalto.<\/p>\n\n\n\n<p>Segundo informa\u00e7\u00f5es apuradas pela nossa reportagem, a dupla de criminosos teria&nbsp;amarrado e agredido o condutor. Logo em seguida, os assaltantes levaram o ve\u00edculo e sa\u00edram em fuga em destino ignorado.<\/p>\n\n\n\n<p>A Pol\u00edcia Militar de Sum\u00e9 foi acionada e est\u00e1 em dilig\u00eancia na tentativa de capturar os assaltantes e recuperar o ve\u00edculo roubado.<\/p>\n\n\n\n<p><strong>De Olho no Cariri<\/strong><\/p>\n","protected":false},"excerpt":{"rendered":"<p>O senhor conhecido por Roberto Pescador teve o seu veiculo Fiesta cor preta \u2013 placa MNY 8922 \u2013 Sum\u00e9 \u2013 PB, tomado por assalto na&hellip; <\/p>\n","protected":false},"author":1,"featured_media":89112,"comment_status":"closed","ping_status":"closed","sticky":false,"template":"","format":"standard","meta":{"sfsi_plus_gutenberg_text_before_share":"","sfsi_plus_gutenberg_show_text_before_share":"","sfsi_plus_gutenberg_icon_type":"","sfsi_plus_gutenberg_icon_alignemt":"","sfsi_plus_gutenburg_max_per_row":"","footnotes":""},"categories":[50,12],"tags":[],"class_list":["post-95646","post","type-post","status-publish","format-standard","has-post-thumbnail","hentry","category-destaque","category-policia"],"_links":{"self":[{"href":"https:\/\/www.caririemacao.com\/1\/wp-json\/wp\/v2\/posts\/95646","targetHints":{"allow":["GET"]}}],"collection":[{"href":"https:\/\/www.caririemacao.com\/1\/wp-json\/wp\/v2\/posts"}],"about":[{"href":"https:\/\/www.caririemacao.com\/1\/wp-json\/wp\/v2\/types\/post"}],"author":[{"embeddable":true,"href":"https:\/\/www.caririemacao.com\/1\/wp-json\/wp\/v2\/users\/1"}],"replies":[{"embeddable":true,"href":"https:\/\/www.caririemacao.com\/1\/wp-json\/wp\/v2\/comments?post=95646"}],"version-history":[{"count":1,"href":"https:\/\/www.caririemacao.com\/1\/wp-json\/wp\/v2\/posts\/95646\/revisions"}],"predecessor-version":[{"id":95647,"href":"https:\/\/www.caririemacao.com\/1\/wp-json\/wp\/v2\/posts\/95646\/revisions\/95647"}],"wp:featuredmedia":[{"embeddable":true,"href":"https:\/\/www.caririemacao.com\/1\/wp-json\/wp\/v2\/media\/89112"}],"wp:attachment":[{"href":"https:\/\/www.caririemacao.com\/1\/wp-json\/wp\/v2\/media?parent=95646"}],"wp:term":[{"taxonomy":"category","embeddable":true,"href":"https:\/\/www.caririemacao.com\/1\/wp-json\/wp\/v2\/categories?post=95646"},{"taxonomy":"post_tag","embeddable":true,"href":"https:\/\/www.caririemacao.com\/1\/wp-json\/wp\/v2\/tags?post=95646"}],"curies":[{"name":"wp","href":"https:\/\/api.w.org\/{rel}","templated":true}]}}