{"id":95648,"date":"2019-05-19T10:42:33","date_gmt":"2019-05-19T13:42:33","guid":{"rendered":"http:\/\/www.caririemacao.com\/1\/?p=95648"},"modified":"2019-05-19T10:42:33","modified_gmt":"2019-05-19T13:42:33","slug":"motociclista-morre-apos-colisao-de-moto-com-carro-em-santa-rita-pb","status":"publish","type":"post","link":"https:\/\/www.caririemacao.com\/1\/2019\/05\/19\/motociclista-morre-apos-colisao-de-moto-com-carro-em-santa-rita-pb\/","title":{"rendered":"Motociclista morre ap\u00f3s colis\u00e3o de moto com carro, em Santa Rita, PB"},"content":{"rendered":"\n<p>Um homem morreu no in\u00edcio da manh\u00e3 deste domingo (19), em Santa Rita, Regi\u00e3o Metropolitana de Jo\u00e3o Pessoa, depois de uma colis\u00e3o entre um carro e a moto em que ele estava. De acordo com a Pol\u00edcia Civil, a motorista do ve\u00edculo teria batido na moto e derrubado o motociclista. Ele morreu ainda no local.<\/p>\n\n\n\n<p>Conforme informa\u00e7\u00f5es apuradas no local pela pol\u00edcia, a motorista do ve\u00edculo fugiu ap\u00f3s a colis\u00e3o. Al\u00e9m disso, a moto da v\u00edtima tamb\u00e9m n\u00e3o foi encontrada na via. No entanto, o delegado Lu\u00eds Carlos acredita que n\u00e3o houve roubo.<\/p>\n\n\n\n<p>A Pol\u00edcia Militar est\u00e1 com a placa do ve\u00edculo que teria provocado o acidente. As informa\u00e7\u00f5es ser\u00e3o repassadas para o delegado respons\u00e1vel, que vai investigar o caso. A per\u00edcia esteve no local para apurar as causas do acidente.<\/p>\n\n\n\n<p><\/p>\n\n\n\n<p>G1<\/p>\n","protected":false},"excerpt":{"rendered":"<p>Um homem morreu no in\u00edcio da manh\u00e3 deste domingo (19), em Santa Rita, Regi\u00e3o Metropolitana de Jo\u00e3o Pessoa, depois de uma colis\u00e3o entre um carro&hellip; <\/p>\n","protected":false},"author":1,"featured_media":86019,"comment_status":"closed","ping_status":"closed","sticky":false,"template":"","format":"standard","meta":{"sfsi_plus_gutenberg_text_before_share":"","sfsi_plus_gutenberg_show_text_before_share":"","sfsi_plus_gutenberg_icon_type":"","sfsi_plus_gutenberg_icon_alignemt":"","sfsi_plus_gutenburg_max_per_row":"","footnotes":""},"categories":[12],"tags":[],"class_list":["post-95648","post","type-post","status-publish","format-standard","has-post-thumbnail","hentry","category-policia"],"_links":{"self":[{"href":"https:\/\/www.caririemacao.com\/1\/wp-json\/wp\/v2\/posts\/95648","targetHints":{"allow":["GET"]}}],"collection":[{"href":"https:\/\/www.caririemacao.com\/1\/wp-json\/wp\/v2\/posts"}],"about":[{"href":"https:\/\/www.caririemacao.com\/1\/wp-json\/wp\/v2\/types\/post"}],"author":[{"embeddable":true,"href":"https:\/\/www.caririemacao.com\/1\/wp-json\/wp\/v2\/users\/1"}],"replies":[{"embeddable":true,"href":"https:\/\/www.caririemacao.com\/1\/wp-json\/wp\/v2\/comments?post=95648"}],"version-history":[{"count":1,"href":"https:\/\/www.caririemacao.com\/1\/wp-json\/wp\/v2\/posts\/95648\/revisions"}],"predecessor-version":[{"id":95649,"href":"https:\/\/www.caririemacao.com\/1\/wp-json\/wp\/v2\/posts\/95648\/revisions\/95649"}],"wp:featuredmedia":[{"embeddable":true,"href":"https:\/\/www.caririemacao.com\/1\/wp-json\/wp\/v2\/media\/86019"}],"wp:attachment":[{"href":"https:\/\/www.caririemacao.com\/1\/wp-json\/wp\/v2\/media?parent=95648"}],"wp:term":[{"taxonomy":"category","embeddable":true,"href":"https:\/\/www.caririemacao.com\/1\/wp-json\/wp\/v2\/categories?post=95648"},{"taxonomy":"post_tag","embeddable":true,"href":"https:\/\/www.caririemacao.com\/1\/wp-json\/wp\/v2\/tags?post=95648"}],"curies":[{"name":"wp","href":"https:\/\/api.w.org\/{rel}","templated":true}]}}