{"id":95652,"date":"2019-05-19T10:51:19","date_gmt":"2019-05-19T13:51:19","guid":{"rendered":"http:\/\/www.caririemacao.com\/1\/?p=95652"},"modified":"2019-05-19T10:51:19","modified_gmt":"2019-05-19T13:51:19","slug":"prefeito-de-camalau-emite-nota-de-pesar-pelo-falecimento-de-ralynne-campos","status":"publish","type":"post","link":"https:\/\/www.caririemacao.com\/1\/2019\/05\/19\/prefeito-de-camalau-emite-nota-de-pesar-pelo-falecimento-de-ralynne-campos\/","title":{"rendered":"Prefeito de Camala\u00fa emite nota de pesar pelo falecimento de Ralynne Campos"},"content":{"rendered":"\n<p>O prefeito da cidade de Camala\u00fa, Sandro M\u00f4co emitiu nota de pesar pelo falecimento de Ralynne Campos, 21 anos, v\u00edtima de um acidente ocorrido na manh\u00e3 do S\u00e1bado (18) na cidade de Camala\u00fa. O prefeito usou os perfis oficial no Facebook e Instagram para expressar os votos de condol\u00eancia a fam\u00edlia de Ralynne Campos. Confira a nota publicada<\/p>\n\n\n\n<figure class=\"wp-block-image\"><img fetchpriority=\"high\" decoding=\"async\" width=\"696\" height=\"692\" src=\"http:\/\/www.caririemacao.com\/1\/wp-content\/uploads\/2019\/05\/PESAR2.png\" alt=\"\" class=\"wp-image-95654\" srcset=\"https:\/\/www.caririemacao.com\/1\/wp-content\/uploads\/2019\/05\/PESAR2.png 696w, https:\/\/www.caririemacao.com\/1\/wp-content\/uploads\/2019\/05\/PESAR2-150x150.png 150w, https:\/\/www.caririemacao.com\/1\/wp-content\/uploads\/2019\/05\/PESAR2-300x298.png 300w\" sizes=\"(max-width: 696px) 100vw, 696px\" \/><\/figure>\n","protected":false},"excerpt":{"rendered":"<p>O prefeito da cidade de Camala\u00fa, Sandro M\u00f4co emitiu nota de pesar pelo falecimento de Ralynne Campos, 21 anos, v\u00edtima de um acidente ocorrido na&hellip; <\/p>\n","protected":false},"author":1,"featured_media":61167,"comment_status":"closed","ping_status":"closed","sticky":false,"template":"","format":"standard","meta":{"sfsi_plus_gutenberg_text_before_share":"","sfsi_plus_gutenberg_show_text_before_share":"","sfsi_plus_gutenberg_icon_type":"","sfsi_plus_gutenberg_icon_alignemt":"","sfsi_plus_gutenburg_max_per_row":"","footnotes":""},"categories":[6,50],"tags":[],"class_list":["post-95652","post","type-post","status-publish","format-standard","has-post-thumbnail","hentry","category-cidades","category-destaque"],"_links":{"self":[{"href":"https:\/\/www.caririemacao.com\/1\/wp-json\/wp\/v2\/posts\/95652","targetHints":{"allow":["GET"]}}],"collection":[{"href":"https:\/\/www.caririemacao.com\/1\/wp-json\/wp\/v2\/posts"}],"about":[{"href":"https:\/\/www.caririemacao.com\/1\/wp-json\/wp\/v2\/types\/post"}],"author":[{"embeddable":true,"href":"https:\/\/www.caririemacao.com\/1\/wp-json\/wp\/v2\/users\/1"}],"replies":[{"embeddable":true,"href":"https:\/\/www.caririemacao.com\/1\/wp-json\/wp\/v2\/comments?post=95652"}],"version-history":[{"count":1,"href":"https:\/\/www.caririemacao.com\/1\/wp-json\/wp\/v2\/posts\/95652\/revisions"}],"predecessor-version":[{"id":95655,"href":"https:\/\/www.caririemacao.com\/1\/wp-json\/wp\/v2\/posts\/95652\/revisions\/95655"}],"wp:featuredmedia":[{"embeddable":true,"href":"https:\/\/www.caririemacao.com\/1\/wp-json\/wp\/v2\/media\/61167"}],"wp:attachment":[{"href":"https:\/\/www.caririemacao.com\/1\/wp-json\/wp\/v2\/media?parent=95652"}],"wp:term":[{"taxonomy":"category","embeddable":true,"href":"https:\/\/www.caririemacao.com\/1\/wp-json\/wp\/v2\/categories?post=95652"},{"taxonomy":"post_tag","embeddable":true,"href":"https:\/\/www.caririemacao.com\/1\/wp-json\/wp\/v2\/tags?post=95652"}],"curies":[{"name":"wp","href":"https:\/\/api.w.org\/{rel}","templated":true}]}}