{"id":95661,"date":"2019-05-19T11:06:10","date_gmt":"2019-05-19T14:06:10","guid":{"rendered":"http:\/\/www.caririemacao.com\/1\/?p=95661"},"modified":"2019-05-19T11:06:10","modified_gmt":"2019-05-19T14:06:10","slug":"mais-de-33-mil-candidatos-fazem-concurso-do-ifpb-para-tecnico-administrativo-neste-domingo","status":"publish","type":"post","link":"https:\/\/www.caririemacao.com\/1\/2019\/05\/19\/mais-de-33-mil-candidatos-fazem-concurso-do-ifpb-para-tecnico-administrativo-neste-domingo\/","title":{"rendered":"Mais de 33 mil candidatos fazem concurso do IFPB para t\u00e9cnico-administrativo neste domingo"},"content":{"rendered":"\n<p>Mais de 33 mil candidatos fazem neste domingo (19) as provas do concurso do Instituto Federal da Para\u00edba (IFPB) para t\u00e9cnico-administrativo. De acordo com a organizadora, 33.432 candidatos est\u00e3o aptos a concorrer \u00e0s 36 vagas dispon\u00edveis. As provas s\u00e3o compostas de 50 quest\u00f5es de m\u00faltipla escolha e tem dura\u00e7\u00e3o de quatro horas.<\/p>\n\n\n\n<ul class=\"wp-block-list\"><li><a href=\"http:\/\/concurso.idecan.org.br\/Conteudo.aspx?ID=19050411260647080246340545005822247127134638618342\" target=\"_blank\" rel=\"noreferrer noopener\">Consulte aqui o seu local de prova.<\/a><\/li><\/ul>\n\n\n\n<p>As provas acontecem nas cidades de Jo\u00e3o Pessoa, Campina Grande, Cabedelo, Guarabira, Picu\u00ed, Monteiro, Patos, Sousa e Cajazeiras. O hor\u00e1rio varia de acordo com o cargo escolhido. Os inscritos para cargos de n\u00edveis C e D fazem as provas das 8h \u00e0s 12h15, com port\u00f5es abertos \u00e0s 7h. Os inscritos nos cargos de n\u00edvel E fazem as provas das 14h \u00e0s 18h15, com port\u00f5es abertos \u00e0s 13h.<\/p>\n\n\n\n<p><a href=\"http:\/\/www.idecan.org.br\/concursos\/305\/1_978600.pdf\" target=\"_blank\" rel=\"noreferrer noopener\">De acordo com o edital do concurso<\/a>, h\u00e1 algumas recomenda\u00e7\u00f5es para que os candidatos fa\u00e7am as provas sem dificuldades:<\/p>\n\n\n\n<ul class=\"wp-block-list\"><li>Chegar com anteced\u00eancia ao local de prova<\/li><li>Levar exclusivamente caneta esferogr\u00e1fica preta ou azul de corpo transparente<\/li><li>Levar o comprovante de inscri\u00e7\u00e3o e um documento com foto<\/li><li>N\u00e3o utilizar l\u00e1pis, materiais impressos, anota\u00e7\u00f5es nem eletr\u00f4nicos como calculadoras, celulares, tablets, pen drives, alarmes, rel\u00f3gios, fones de ouvido, entre outros, durante a prova<\/li><li>N\u00e3o usar \u00f3culos escuros nem artigos de chapelaria dentro das salas<\/li><li><\/li><\/ul>\n\n\n\n<p>Os cargos com maior n\u00famero de inscri\u00e7\u00f5es foram os de assistente em administra\u00e7\u00e3o (n\u00edvel D), assistente de alunos (n\u00edvel C) e assistente social (n\u00edvel E).<\/p>\n\n\n\n<p>Conforme o edital, os gabaritos preliminares est\u00e3o previstos para serem divulgados em 21 de maio. Nos dois dias seguintes \u00e9 poss\u00edvel interpor recurso. O resultado preliminar do concurso deve sair no dia 6 de agosto.<\/p>\n\n\n\n<ul class=\"wp-block-list\"><li><\/li><\/ul>\n","protected":false},"excerpt":{"rendered":"<p>Mais de 33 mil candidatos fazem neste domingo (19) as provas do concurso do Instituto Federal da Para\u00edba (IFPB) para t\u00e9cnico-administrativo. De acordo com a&hellip; <\/p>\n","protected":false},"author":1,"featured_media":95662,"comment_status":"closed","ping_status":"closed","sticky":false,"template":"","format":"standard","meta":{"sfsi_plus_gutenberg_text_before_share":"","sfsi_plus_gutenberg_show_text_before_share":"","sfsi_plus_gutenberg_icon_type":"","sfsi_plus_gutenberg_icon_alignemt":"","sfsi_plus_gutenburg_max_per_row":"","footnotes":""},"categories":[14,2],"tags":[],"class_list":["post-95661","post","type-post","status-publish","format-standard","has-post-thumbnail","hentry","category-educacao","category-geral"],"_links":{"self":[{"href":"https:\/\/www.caririemacao.com\/1\/wp-json\/wp\/v2\/posts\/95661","targetHints":{"allow":["GET"]}}],"collection":[{"href":"https:\/\/www.caririemacao.com\/1\/wp-json\/wp\/v2\/posts"}],"about":[{"href":"https:\/\/www.caririemacao.com\/1\/wp-json\/wp\/v2\/types\/post"}],"author":[{"embeddable":true,"href":"https:\/\/www.caririemacao.com\/1\/wp-json\/wp\/v2\/users\/1"}],"replies":[{"embeddable":true,"href":"https:\/\/www.caririemacao.com\/1\/wp-json\/wp\/v2\/comments?post=95661"}],"version-history":[{"count":1,"href":"https:\/\/www.caririemacao.com\/1\/wp-json\/wp\/v2\/posts\/95661\/revisions"}],"predecessor-version":[{"id":95663,"href":"https:\/\/www.caririemacao.com\/1\/wp-json\/wp\/v2\/posts\/95661\/revisions\/95663"}],"wp:featuredmedia":[{"embeddable":true,"href":"https:\/\/www.caririemacao.com\/1\/wp-json\/wp\/v2\/media\/95662"}],"wp:attachment":[{"href":"https:\/\/www.caririemacao.com\/1\/wp-json\/wp\/v2\/media?parent=95661"}],"wp:term":[{"taxonomy":"category","embeddable":true,"href":"https:\/\/www.caririemacao.com\/1\/wp-json\/wp\/v2\/categories?post=95661"},{"taxonomy":"post_tag","embeddable":true,"href":"https:\/\/www.caririemacao.com\/1\/wp-json\/wp\/v2\/tags?post=95661"}],"curies":[{"name":"wp","href":"https:\/\/api.w.org\/{rel}","templated":true}]}}