{"id":95664,"date":"2019-05-19T11:12:33","date_gmt":"2019-05-19T14:12:33","guid":{"rendered":"http:\/\/www.caririemacao.com\/1\/?p=95664"},"modified":"2019-05-19T11:12:33","modified_gmt":"2019-05-19T14:12:33","slug":"mais-de-70-da-violencia-sexual-contra-criancas-ocorre-dentro-de-casa","status":"publish","type":"post","link":"https:\/\/www.caririemacao.com\/1\/2019\/05\/19\/mais-de-70-da-violencia-sexual-contra-criancas-ocorre-dentro-de-casa\/","title":{"rendered":"Mais de 70% da viol\u00eancia sexual contra crian\u00e7as ocorre dentro de casa"},"content":{"rendered":"\n<p>Em alus\u00e3o ao Dia Nacional de Combate ao Abuso e \u00e0 Explora\u00e7\u00e3o Sexual de Crian\u00e7as e Adolescentes, celebrados neste s\u00e1bado (18), pais e crian\u00e7as de 0 a 14 anos&nbsp;participaram de uma corrida no Parque da Cidade, em Bras\u00edlia. O evento, que reuniu cerca de 800 pessoas, \u00e9 uma iniciativa da Pol\u00edcia Federal, com o apoio do&nbsp;Minist\u00e9rio da Mulher, da Fam\u00edlia e dos Direitos Humanos e do governo do Distrito Federal. O objetivo \u00e9 alertar a sociedade sobre esse tipo de crime e envolver a fam\u00edlia na preven\u00e7\u00e3o e combate.&nbsp;<\/p>\n\n\n\n<p>Dados do Disque 100 mostram que, s\u00f3 no ano passado, foram registradas um total de 17.093 den\u00fancias de viol\u00eancia sexual contra menores de idade. A maior parte delas \u00e9&nbsp;de abuso sexual (13.418 casos), mas h\u00e1 den\u00fancias tamb\u00e9m de explora\u00e7\u00e3o sexual (3.675). S\u00f3 nos primeiros meses deste ano, o governo federal registrou 4,7 mil novas&nbsp;den\u00fancias. Os n\u00fameros mostram que mais de 70% dos casos de abuso e explora\u00e7\u00e3o sexual de crian\u00e7as e adolescentes s\u00e3o praticados por pais, m\u00e3es, padrastos ou outros parentes das&nbsp;v\u00edtimas. Em mais de 70% dos registros, a viol\u00eancia foi cometida na casa do abusador ou da v\u00edtima.&nbsp;&nbsp;<\/p>\n\n\n\n<p>&#8220;H\u00e1 uma cultura dos maus-tratos no pa\u00eds, e a gente precisa implementar a cultura dos bons tratos \u00e0s crian\u00e7as e aos adolescentes, os bons tratos em fam\u00edlia&#8221;, afirma&nbsp;Petr\u00facia de Melo Andrade, secret\u00e1ria nacional dos Direitos da Crian\u00e7a e do Adolescente do Minist\u00e9rio da Fam\u00edlia, Mulher e Direitos Humanos. A secret\u00e1ria cita o&nbsp;Estatuto da Crian\u00e7a e do Adolescente para ressaltar a responsabilidade da fam\u00edlia nos cuidados dos menores de idade, e pede maior envolvimento.<\/p>\n\n\n\n<p>&#8220;\u00c9 uma campanha que envolve a fam\u00edlia. Quando a gente resgata o Artigo 227 [do Estatuto da Crian\u00e7a e do Adolescente], no topo do cuidado da crian\u00e7a e do adolescente,&nbsp;est\u00e1 primeiro a fam\u00edlia, em segundo a sociedade em geral e, por \u00faltimo, o Estado. Ent\u00e3o, esse \u00e9 o momento dessa fam\u00edlia trazer seus filhos e estar no cuidado com eles.&nbsp;Momento de confraterniza\u00e7\u00e3o e alegria e, ao mesmo tempo, trazer essas crian\u00e7as para um reflex\u00e3o de um crime que o Brasil n\u00e3o pode suportar&#8221;, acrescenta.<\/p>\n\n\n\n<p><strong>Ensinar as crian\u00e7as<\/strong><\/p>\n\n\n\n<p>Para Adriana Faria, subsecret\u00e1ria de Pol\u00edticas para Crian\u00e7as e Adolescentes da Secretaria de Justi\u00e7a do DF, as crian\u00e7as, em boa parte dos casos, n\u00e3o t\u00eam no\u00e7\u00e3o do que \u00e9 o abuso sexual. &#8220;Aquilo incomoda, ela geralmente sabe que aquilo \u00e9 errado, mas n\u00e3o necessariamente que \u00e9 um abuso sexual que precisa ser denunciado. A gente precisa criar mecanismos para que elas conhe\u00e7am o pr\u00f3prio corpo, saibam proteger o pr\u00f3prio corpo e saibam identificar que tem algo de errado e como elas podem&nbsp;buscar ajuda, justamente porque muitas vezes acontece dentro de casa e n\u00e3o d\u00e1 para procurar nem pai, nem m\u00e3e. Tem que saber procurador um professor na escola, ou um&nbsp;conselho tutelar&#8221;, explica.&nbsp;<\/p>\n\n\n\n<p>A aut\u00f4noma Da\u00edza Vaz Cortella participou da corrida com a filha Elisa, de 5 anos. Ela tamb\u00e9m concorda que \u00e9 preciso educar as pr\u00f3prias crian\u00e7as para se prevenirem da viol\u00eancia, e os pais n\u00e3o podem ter vergonha de abordar a educa\u00e7\u00e3o sexual com os pr\u00f3prios filhos.&nbsp; &nbsp;<\/p>\n\n\n\n<p>&#8220;N\u00f3s, pais, temos sim que conversar com nossas crian\u00e7as e explicar sobre os perigos, esclarecer sobre as partes \u00edntimas, como identificar um abuso. N\u00e3o podemos ter&nbsp;vergonha de educar as crian\u00e7as com essa consci\u00eancia&#8221;, diz.&nbsp;<\/p>\n\n\n\n<p>Ao lado do filho Pedro, de 7 anos, Maria de F\u00e1tima Sampaio era s\u00f3 sorrisos e um pouco de cansa\u00e7o ap\u00f3s correr cerca de 250 metros empurrando a cadeira de rodas da crian\u00e7a, que tem paralisia cerebral. Para ela, crian\u00e7as com defici\u00eancia s\u00e3o ainda vulner\u00e1veis a situa\u00e7\u00f5es de abuso e viol\u00eancia sexual e, nesse sentido, a conscientiza\u00e7\u00e3o do n\u00facleo familiar e a capacita\u00e7\u00e3o de profissionais da educa\u00e7\u00e3o e conselhos tutelares \u00e9 crucial para o enfrentamento do problema.&nbsp;<\/p>\n\n\n\n<p>&#8220;As crian\u00e7as especiais, muitas vezes, ficam mais vulner\u00e1veis porque n\u00e3o t\u00eam os mesmos mecanismos de defesa que outras. Por isso, o envolvimento da fam\u00edlia, dos pais,&nbsp;da escola e Poder P\u00fablico \u00e9 fundamental&#8221;, afirma.&nbsp;<\/p>\n","protected":false},"excerpt":{"rendered":"<p>Em alus\u00e3o ao Dia Nacional de Combate ao Abuso e \u00e0 Explora\u00e7\u00e3o Sexual de Crian\u00e7as e Adolescentes, celebrados neste s\u00e1bado (18), pais e crian\u00e7as de&hellip; <\/p>\n","protected":false},"author":1,"featured_media":95665,"comment_status":"closed","ping_status":"closed","sticky":false,"template":"","format":"standard","meta":{"sfsi_plus_gutenberg_text_before_share":"","sfsi_plus_gutenberg_show_text_before_share":"","sfsi_plus_gutenberg_icon_type":"","sfsi_plus_gutenberg_icon_alignemt":"","sfsi_plus_gutenburg_max_per_row":"","footnotes":""},"categories":[2],"tags":[],"class_list":["post-95664","post","type-post","status-publish","format-standard","has-post-thumbnail","hentry","category-geral"],"_links":{"self":[{"href":"https:\/\/www.caririemacao.com\/1\/wp-json\/wp\/v2\/posts\/95664","targetHints":{"allow":["GET"]}}],"collection":[{"href":"https:\/\/www.caririemacao.com\/1\/wp-json\/wp\/v2\/posts"}],"about":[{"href":"https:\/\/www.caririemacao.com\/1\/wp-json\/wp\/v2\/types\/post"}],"author":[{"embeddable":true,"href":"https:\/\/www.caririemacao.com\/1\/wp-json\/wp\/v2\/users\/1"}],"replies":[{"embeddable":true,"href":"https:\/\/www.caririemacao.com\/1\/wp-json\/wp\/v2\/comments?post=95664"}],"version-history":[{"count":1,"href":"https:\/\/www.caririemacao.com\/1\/wp-json\/wp\/v2\/posts\/95664\/revisions"}],"predecessor-version":[{"id":95666,"href":"https:\/\/www.caririemacao.com\/1\/wp-json\/wp\/v2\/posts\/95664\/revisions\/95666"}],"wp:featuredmedia":[{"embeddable":true,"href":"https:\/\/www.caririemacao.com\/1\/wp-json\/wp\/v2\/media\/95665"}],"wp:attachment":[{"href":"https:\/\/www.caririemacao.com\/1\/wp-json\/wp\/v2\/media?parent=95664"}],"wp:term":[{"taxonomy":"category","embeddable":true,"href":"https:\/\/www.caririemacao.com\/1\/wp-json\/wp\/v2\/categories?post=95664"},{"taxonomy":"post_tag","embeddable":true,"href":"https:\/\/www.caririemacao.com\/1\/wp-json\/wp\/v2\/tags?post=95664"}],"curies":[{"name":"wp","href":"https:\/\/api.w.org\/{rel}","templated":true}]}}