{"id":95670,"date":"2019-05-19T12:07:24","date_gmt":"2019-05-19T15:07:24","guid":{"rendered":"http:\/\/www.caririemacao.com\/1\/?p=95670"},"modified":"2019-05-19T12:07:24","modified_gmt":"2019-05-19T15:07:24","slug":"gurjao-promove-3-seminario-de-educacao-inclusiva-e-reune-mais-de-15-cidades-do-cariri%ef%bb%bf","status":"publish","type":"post","link":"https:\/\/www.caririemacao.com\/1\/2019\/05\/19\/gurjao-promove-3-seminario-de-educacao-inclusiva-e-reune-mais-de-15-cidades-do-cariri%ef%bb%bf\/","title":{"rendered":"Gurj\u00e3o promove 3\u00b0 Semin\u00e1rio de Educa\u00e7\u00e3o Inclusiva e re\u00fane mais de 15 cidades do Cariri\ufeff"},"content":{"rendered":"\n<p>Na \u00faltima sexta (17) a cidade de Gurj\u00e3o foi palco pelo 3\u00b0\nano&nbsp;de um dia voltado para educa\u00e7\u00e3o inclusiva na tem\u00e1tica principal do\nevento que tem por objetivo oportunizar o compartilhamento das experi\u00eancias vivenciadas\ne tend\u00eancias sobre o tema, visto a necessidade constante de capacitar para uma\neduca\u00e7\u00e3o mais inclusiva e diversa.<\/p>\n\n\n\n<p>Estiveram presente na abertura oficial o Prefeito Ronaldo Queiroz, Jane Erika (Educa\u00e7\u00e3o) , Fabio Coutinho (Infraestrutura) , Diego Gurj\u00e3o (Turismo), Orlando Jr (Des. Rural), Myrna Amaral (Sub. Secret\u00e1ria) e os vereadores Elizete , Marcelo Farias , Junior Moraes e Diogo Coutinho , al\u00e9m do palestrante Morib Macedo.<\/p>\n\n\n\n<blockquote class=\"wp-block-quote is-layout-flow wp-block-quote-is-layout-flow\"><p>O Prefeito Ronaldo Queiroz fez a abertura oficial e completou dizendo &#8221;\u00a0buscamos \u00a0sempre oferecer uma forma\u00e7\u00e3o comprometida com a constru\u00e7\u00e3o da escola inclusiva, com base nos valores democr\u00e1ticos e \u00e9ticos, nos termos do respeito \u00e0s diferen\u00e7as e do enfrentamento do preconceito e discrimina\u00e7\u00e3o nos ambientes escolares, o que cria condi\u00e7\u00f5es especiais para o desenvolvimento cient\u00edfico e aproxima\u00e7\u00e3o da academia \u00e0 \u00a0realidade educacional, na nossa gest\u00e3o em Gurj\u00e3o \u00e9 tratamento \u00e9 igualit\u00e1rio sempre pensando no bem comum do pr\u00f3ximo e esse semin\u00e1rio expandimos para todas as cidades atrav\u00e9s da AMCAP para mostrar como se geri educa\u00e7\u00e3o inclusiva&#8221;.<\/p><p><\/p><\/blockquote>\n\n\n\n<figure class=\"wp-block-image\"><img fetchpriority=\"high\" decoding=\"async\" width=\"1024\" height=\"682\" src=\"http:\/\/www.caririemacao.com\/1\/wp-content\/uploads\/2019\/05\/thumbnail_IMG_9701-1024x682.jpg\" alt=\"\" class=\"wp-image-95671\" srcset=\"https:\/\/www.caririemacao.com\/1\/wp-content\/uploads\/2019\/05\/thumbnail_IMG_9701-1024x682.jpg 1024w, https:\/\/www.caririemacao.com\/1\/wp-content\/uploads\/2019\/05\/thumbnail_IMG_9701-300x200.jpg 300w, https:\/\/www.caririemacao.com\/1\/wp-content\/uploads\/2019\/05\/thumbnail_IMG_9701-768x512.jpg 768w, https:\/\/www.caririemacao.com\/1\/wp-content\/uploads\/2019\/05\/thumbnail_IMG_9701.jpg 1280w\" sizes=\"(max-width: 1024px) 100vw, 1024px\" \/><\/figure>\n\n\n\n<p>O evento contou com duas partes a primeira foi a palestra com o renomado jornalista Morib Macedo que proferiu sua\u00a0palestra magna &#8220;Voc\u00ea \u00e9 a sua escola&#8221; e finalizado a primeira parte pela amanh\u00e3 foi realizada uma mesa redonda Direito \u00e0 Diversidade: Metodologias e Pr\u00e1ticas Multidisciplinares Palestrantes Arthur Marinho &#8211; Prof.\u00ba Substituto da UEPB e mestre em Filosofia pela UFPE Emille Burity Dias \u2013 Psic\u00f3loga, Psicopedagoga, Mestre e Doutoranda em Neuroci\u00eancia Cognitiva e Comportamento. Ana Paula Borges Laurindo \u2013 Psic\u00f3loga, Pedagoga e Especialista em Educa\u00e7\u00e3o Inclusiva Michelle Mayra Palmeira Cordeiro \u2013 Pedagoga, Especialista em Psicopedagogia Institucional e Cl\u00ednica. Irllem Chriscyan Alexandrino Ribeiro de Melo \u2013 Psic\u00f3loga, Neuropsic\u00f3loga e Especialista em Transtornos do Desenvolvimento e do Espectro Autista. Coordena\u00e7\u00e3o: Carolina Albuquerque &#8211; Prof.\u00aa Substituta da UEPB e mestre em Antropologia pela UFPE, e durante a tarde foram realizadas as oficinas a Oficina 1: \u201cO uso do lapbook para adaptar e incluir\u201d. &#8211; Emille Burity Dias Oficina 2: \u201cEduca\u00e7\u00e3o e diversidade \u00e9tnico-racial: um desafio \u00e0 escola\u201d. &#8211; Ana Paula Borges Laurindo Oficina 3: \u201cOficina de ideias: O processo de desenvolvimento de recursos pedag\u00f3gicos adaptados\u201d. \u2013 Michelle Mayra Palmeira Cordeiro. Oficina 4: \u201cUtilizando o m\u00e9todo sinapse para identificar as potencialidades dos alunos com defici\u00eancia\u201d &#8211; Irllem Chriscyan Alexandrino Ribeiro de Melo Oficina 5: \u201cVozes anoitecidas\u201d: uma discuss\u00e3o sobre corpo, subjetividade e educa\u00e7\u00e3o inclusiva &#8211; Carolina Albuquerque Oficina 6: \u201c(Re) conhecendo a import\u00e2ncia de conte\u00fados filos\u00f3ficos na pr\u00e1tica da escola inclusiva\u201d. &#8211; Arthur Marinho.<\/p>\n\n\n\n<p>Texto: Felipe Camar\u00e3o (Assessoria de comunica\u00e7\u00e3o)<\/p>\n","protected":false},"excerpt":{"rendered":"<p>Na \u00faltima sexta (17) a cidade de Gurj\u00e3o foi palco pelo 3\u00b0 ano&nbsp;de um dia voltado para educa\u00e7\u00e3o inclusiva na tem\u00e1tica principal do evento que&hellip; <\/p>\n","protected":false},"author":2,"featured_media":95672,"comment_status":"closed","ping_status":"closed","sticky":false,"template":"","format":"standard","meta":{"sfsi_plus_gutenberg_text_before_share":"","sfsi_plus_gutenberg_show_text_before_share":"","sfsi_plus_gutenberg_icon_type":"","sfsi_plus_gutenberg_icon_alignemt":"","sfsi_plus_gutenburg_max_per_row":"","footnotes":""},"categories":[6,50],"tags":[],"class_list":["post-95670","post","type-post","status-publish","format-standard","has-post-thumbnail","hentry","category-cidades","category-destaque"],"_links":{"self":[{"href":"https:\/\/www.caririemacao.com\/1\/wp-json\/wp\/v2\/posts\/95670","targetHints":{"allow":["GET"]}}],"collection":[{"href":"https:\/\/www.caririemacao.com\/1\/wp-json\/wp\/v2\/posts"}],"about":[{"href":"https:\/\/www.caririemacao.com\/1\/wp-json\/wp\/v2\/types\/post"}],"author":[{"embeddable":true,"href":"https:\/\/www.caririemacao.com\/1\/wp-json\/wp\/v2\/users\/2"}],"replies":[{"embeddable":true,"href":"https:\/\/www.caririemacao.com\/1\/wp-json\/wp\/v2\/comments?post=95670"}],"version-history":[{"count":1,"href":"https:\/\/www.caririemacao.com\/1\/wp-json\/wp\/v2\/posts\/95670\/revisions"}],"predecessor-version":[{"id":95673,"href":"https:\/\/www.caririemacao.com\/1\/wp-json\/wp\/v2\/posts\/95670\/revisions\/95673"}],"wp:featuredmedia":[{"embeddable":true,"href":"https:\/\/www.caririemacao.com\/1\/wp-json\/wp\/v2\/media\/95672"}],"wp:attachment":[{"href":"https:\/\/www.caririemacao.com\/1\/wp-json\/wp\/v2\/media?parent=95670"}],"wp:term":[{"taxonomy":"category","embeddable":true,"href":"https:\/\/www.caririemacao.com\/1\/wp-json\/wp\/v2\/categories?post=95670"},{"taxonomy":"post_tag","embeddable":true,"href":"https:\/\/www.caririemacao.com\/1\/wp-json\/wp\/v2\/tags?post=95670"}],"curies":[{"name":"wp","href":"https:\/\/api.w.org\/{rel}","templated":true}]}}